{"id":1150,"date":"2011-10-15T14:31:12","date_gmt":"2011-10-15T14:31:12","guid":{"rendered":"http:\/\/thorkellhelgason.is\/?p=1150"},"modified":"2012-09-15T14:49:03","modified_gmt":"2012-09-15T14:49:03","slug":"hvad-nu","status":"publish","type":"post","link":"https:\/\/thorkellhelgason.is\/?p=1150","title":{"rendered":"Hva\u00f0 n\u00fa?"},"content":{"rendered":"<p><em>[Birtist upphaflega \u00ed Fr\u00e9ttat\u00edmanum 14. okt\u00f3ber 2011]<\/em><\/p>\n<p>Frumvarp stj\u00f3rnlagar\u00e1\u00f0s um n\u00fdja stj\u00f3rnarskr\u00e1 var til \u00edtarlegrar umr\u00e6\u00f0u \u00e1 Al\u00feingi \u00ed vikunni. H\u00e9r er ekki t\u00f3m til a\u00f0 taka \u00e1 einst\u00f6kum athugasemdum \u00feingmanna um efni\u00f0, heldur ver\u00f0ur viki\u00f0 a\u00f0 \u00fev\u00ed hvernig framhaldi\u00f0 \u00e6tti a\u00f0 vera.<\/p>\n<p><strong>Vanagangurinn<\/strong><\/p>\n<p>Upphaflega \u00e1tti stj\u00f3rnlaga\u00feing a\u00f0 starfa \u00ed \u00feremur hrinum me\u00f0 um\u00fe\u00f3ttunarhl\u00e9um \u00e1 milli. \u00dev\u00ed mi\u00f0ur n\u00e1\u00f0i s\u00fa lei\u00f0 ekki fram a\u00f0 ganga. Ver\u00f0i ekki a\u00f0 gert mun framhaldi\u00f0 \u00fev\u00ed ver\u00f0a me\u00f0 eftirfarandi formlegum h\u00e6tti:<\/p>\n<p>Formlega lei\u00f0in: Stj\u00f3rnskipunar- og eftirlitsnefnd Al\u00feingis fjallar um frumvarp stj\u00f3rnlagar\u00e1\u00f0s og gerir \u00e1 \u00fev\u00ed breytingar. Nefndin leggur s\u00ed\u00f0an fram frumvarp til sam\u00feykktar \u00e1 Al\u00feingi \u00ed s\u00ed\u00f0asta lagi vori\u00f0 2013. S\u00ed\u00f0an ver\u00f0ur kosi\u00f0 n\u00fdtt \u00feing sem sta\u00f0festir frumvarpi\u00f0 svo a\u00f0 \u00far ver\u00f0ur n\u00fd stj\u00f3rnarskr\u00e1.<\/p>\n<p>Au\u00f0vita\u00f0 er ekkert nema gott um \u00fea\u00f0 a\u00f0 segja ef Al\u00feingi getur me\u00f0 \u00feessu m\u00f3ti b\u00e6tt till\u00f6gur stj\u00f3rnlagar\u00e1\u00f0s. H\u00e6ttan er f\u00f3lgin \u00ed \u00fev\u00ed a\u00f0 a\u00f0eins ver\u00f0i til mo\u00f0su\u00f0uleg me\u00f0almennska um l\u00e1gmarksbreytingar \u00e1 n\u00fagildandi stj\u00f3rnarskr\u00e1 og \u00fea\u00f0 \u00e1n a\u00f0komu \u00fej\u00f3\u00f0arinnar, e\u00f0a a\u00f0 m\u00e1li\u00f0 hreinlega dagi uppi. \u00dea\u00f0 hefur hinga\u00f0 til veri\u00f0 venjan!<\/p>\n<p><strong>N\u00fd vinnubr\u00f6g\u00f0<\/strong><\/p>\n<p>A\u00f0 mati undirrita\u00f0s \u00fearf \u00f6nnur vinnubr\u00f6g\u00f0. Verklagi\u00f0 m\u00e6tti og \u00e6tti a\u00f0 vera \u00feetta:<\/p>\n<p>Samr\u00e6\u00f0u- og s\u00e1ttlei\u00f0: \u00deingi\u00f0, en ekki s\u00edst almenningur, fjallar \u00edtarlega um till\u00f6gur stj\u00f3rnlagar\u00e1\u00f0s. \u00dat \u00far \u00fev\u00ed koma vonandi g\u00f3\u00f0ar \u00e1bendingar um betrumb\u00e6tur. Stj\u00f3rnlagar\u00e1\u00f0 ver\u00f0ur s\u00ed\u00f0an aftur kalla\u00f0 saman og fali\u00f0 a\u00f0 endursko\u00f0a frumvarp sitt me\u00f0 hli\u00f0sj\u00f3n af \u00feessari umfj\u00f6llun. \u00deannig breytt frumvarp fer \u00ed \u00fej\u00f3\u00f0aratkv\u00e6\u00f0agrei\u00f0slu og \u00fej\u00f3\u00f0in veitir \u00fev\u00ed stu\u00f0ning, sem v\u00e6nta m\u00e1, sta\u00f0festi Al\u00feingi vilja hennar eftir hinni formlegu lei\u00f0.<\/p>\n<p>Hvers vegna a\u00f0 blanda stj\u00f3rnlagar\u00e1\u00f0inu aftur \u00ed m\u00e1li\u00f0? Svari\u00f0 er einfalt. \u00dear er or\u00f0in til mikil samanl\u00f6g\u00f0 \u00feekking \u00e1 vi\u00f0fangsefninu sem \u00e6tti a\u00f0 n\u00fdta. Enn fremur a\u00f0 \u00feetta var upphaflega \u00e6tlunin og \u00fea\u00f0 stutt g\u00f3\u00f0um r\u00f6kum. \u00cd \u00feri\u00f0ja lagi leggja al\u00fej\u00f3\u00f0legar r\u00e1\u00f0gjafarstofnanir \u00e1herslu \u00e1 a\u00f0 unni\u00f0 s\u00e9 \u00ed \u00e1f\u00f6ngum. \u00deannig ver\u00f0i vinnan hva\u00f0 v\u00f6ndu\u00f0ust.<\/p>\n<p>Vitaskuld vakna spurningar um \u00feessa m\u00e1lsme\u00f0fer\u00f0. N\u00e6st til d\u00e6mis a\u00f0 kalla stj\u00f3rnlagar\u00e1\u00f0 aftur saman? Efalaust ekki \u00e1n affalla, en \u00e6tla m\u00e1 a\u00f0 \u00fea\u00f0 n\u00e6\u00f0ist \u00ed a\u00f0 minnsta kosti tvo \u00feri\u00f0ju hluta r\u00e1\u00f0sfulltr\u00faa. Geta \u00feeir tala\u00f0 \u00ed umbo\u00f0i alls h\u00f3psins? Vitaskuld ekki en hinir fjarst\u00f6ddu fengju \u00fe\u00f3 \u00f3bein \u00e1hrif ef svo v\u00e6ri fyrir m\u00e6lt fyrir a\u00f0 \u00fea\u00f0 \u00feyrfti stu\u00f0ning upphaflegs meirihluta, \u00fea\u00f0 er a\u00f0 segja 13 af 25, til a\u00f0 sam\u00feykktir \u00feessa seinna r\u00e1\u00f0s\u00feings yr\u00f0u markt\u00e6kar.<\/p>\n<p>\u00deingmannafrumvarp um \u00e1m\u00f3ta m\u00e1lsme\u00f0fer\u00f0 er \u00feegar komi\u00f0 fram \u00e1 Al\u00feingi.<\/p>\n<p><strong>\u00dej\u00f3\u00f0in ver\u00f0ur a\u00f0 veita fulltingi<\/strong><\/p>\n<p>Hvernig svo sem m\u00e1linu vindur fram er br\u00fdnt a\u00f0 \u00fej\u00f3\u00f0in komi a\u00f0 \u00fev\u00ed me\u00f0 beinni \u00fej\u00f3\u00f0aratkv\u00e6\u00f0agrei\u00f0slu. N\u00fd stj\u00f3rnarskr\u00e1 ver\u00f0ur a\u00f0 f\u00e1 fulltingi hennar. \u00dea\u00f0 er \u00fej\u00f3\u00f0in sem er a\u00f0 setja stj\u00f3rnv\u00f6ldum leikreglur me\u00f0 stj\u00f3rnarskr\u00e1, l\u00edka \u00feingm\u00f6nnum. \u00c6skilegt v\u00e6ri a\u00f0 \u00fej\u00f3\u00f0in g\u00e6ti tj\u00e1\u00f0 hug sinn \u00feegar \u00e1 umr\u00e6\u00f0ustiginu og \u00feannig veitt Al\u00feingi lei\u00f0s\u00f6gn. Enn mikilv\u00e6gara er a\u00f0 lokager\u00f0in hlj\u00f3ti blessun hennar. \u00dej\u00f3\u00f0aratkv\u00e6\u00f0agrei\u00f0sla um stj\u00f3rnarskr\u00e1na ver\u00f0ur \u00fev\u00ed a\u00f0 vera bindandi. Nokkrar lei\u00f0ir koma \u00fe\u00e1 til greina. Ein er s\u00fa a\u00f0 l\u00e1ta atkv\u00e6\u00f0agrei\u00f0sluna fara fram samhli\u00f0a kosningu til \u00feess n\u00fdja \u00feing, sem \u00fearf til a\u00f0 sta\u00f0festa stj\u00f3rnarskr\u00e1rbreytinguna. Me\u00f0 \u00fev\u00ed m\u00f3ti sparast f\u00e9 og fyrirh\u00f6fn. \u00cd stj\u00f3rnarskr\u00e1rtill\u00f6gunni sj\u00e1lfri g\u00e6ti \u00ed \u00feessu skyni veri\u00f0 hli\u00f0st\u00e6tt \u00e1kv\u00e6\u00f0i og 1944 um a\u00f0 hin n\u00fdja stj\u00f3rnarskr\u00e1 taki \u00fev\u00ed a\u00f0eins gildi a\u00f0 h\u00fan hafi vi\u00f0 \u00feessa kosningu hloti\u00f0 sam\u00feykki \u00fej\u00f3\u00f0arinnar. \u00dej\u00f3\u00f0in fengi \u00feannig neitunarvald, en hi\u00f0 n\u00fdkj\u00f6rna \u00feing hef\u00f0i \u00fea\u00f0 raunar l\u00edka.<\/p>\n<p><strong>Eru lj\u00f3n \u00e1 veginum?<\/strong><\/p>\n<p>\u00deau eru alltaf tilb\u00fain vi\u00f0 vegkantinn og hafa \u00feegar l\u00e1ti\u00f0 \u00ed s\u00e9r heyra. Undirrita\u00f0ur tr\u00fair \u00fev\u00ed og treystir a\u00f0 \u00fej\u00f3\u00f0 og \u00feing l\u00e1ti ekki \u00fart\u00f6luraddir hrekja sig fr\u00e1 \u00fev\u00ed endamarki a\u00f0 til ver\u00f0i g\u00f3\u00f0 stj\u00f3rnarskr\u00e1 handa landi og l\u00fd\u00f0; stj\u00f3rnarskr\u00e1 sem ver\u00f0i \u00fej\u00f3\u00f0inni grunnur a\u00f0 traustara samf\u00e9lagi.<\/p>\n<p>&nbsp;<\/p>\n","protected":false},"excerpt":{"rendered":"<p>[Birtist upphaflega \u00ed Fr\u00e9ttat\u00edmanum 14. okt\u00f3ber 2011] Frumvarp stj\u00f3rnlagar\u00e1\u00f0s um n\u00fdja stj\u00f3rnarskr\u00e1 var til \u00edtarlegrar umr\u00e6\u00f0u \u00e1 Al\u00feingi \u00ed vikunni. H\u00e9r er ekki t\u00f3m til a\u00f0 taka \u00e1 einst\u00f6kum athugasemdum \u00feingmanna um efni\u00f0, heldur ver\u00f0ur viki\u00f0 a\u00f0 \u00fev\u00ed hvernig framhaldi\u00f0 \u00e6tti a\u00f0 vera. Vanagangurinn Upphaflega \u00e1tti stj\u00f3rnlaga\u00feing a\u00f0 starfa \u00ed \u00feremur hrinum me\u00f0 um\u00fe\u00f3ttunarhl\u00e9um \u00e1 [&hellip;]<\/p>\n","protected":false},"author":1,"featured_media":0,"comment_status":"open","ping_status":"open","sticky":false,"template":"","format":"standard","meta":{"_et_pb_use_builder":"","_et_pb_old_content":"","_et_gb_content_width":"","footnotes":""},"categories":[1],"tags":[29,55,53],"class_list":["post-1150","post","type-post","status-publish","format-standard","hentry","category-eigin-vefsida","tag-frettatiminn","tag-stjornarskrarmal","tag-tillogur-stjornlagarads"],"_links":{"self":[{"href":"https:\/\/thorkellhelgason.is\/index.php?rest_route=\/wp\/v2\/posts\/1150","targetHints":{"allow":["GET"]}}],"collection":[{"href":"https:\/\/thorkellhelgason.is\/index.php?rest_route=\/wp\/v2\/posts"}],"about":[{"href":"https:\/\/thorkellhelgason.is\/index.php?rest_route=\/wp\/v2\/types\/post"}],"author":[{"embeddable":true,"href":"https:\/\/thorkellhelgason.is\/index.php?rest_route=\/wp\/v2\/users\/1"}],"replies":[{"embeddable":true,"href":"https:\/\/thorkellhelgason.is\/index.php?rest_route=%2Fwp%2Fv2%2Fcomments&post=1150"}],"version-history":[{"count":6,"href":"https:\/\/thorkellhelgason.is\/index.php?rest_route=\/wp\/v2\/posts\/1150\/revisions"}],"predecessor-version":[{"id":1597,"href":"https:\/\/thorkellhelgason.is\/index.php?rest_route=\/wp\/v2\/posts\/1150\/revisions\/1597"}],"wp:attachment":[{"href":"https:\/\/thorkellhelgason.is\/index.php?rest_route=%2Fwp%2Fv2%2Fmedia&parent=1150"}],"wp:term":[{"taxonomy":"category","embeddable":true,"href":"https:\/\/thorkellhelgason.is\/index.php?rest_route=%2Fwp%2Fv2%2Fcategories&post=1150"},{"taxonomy":"post_tag","embeddable":true,"href":"https:\/\/thorkellhelgason.is\/index.php?rest_route=%2Fwp%2Fv2%2Ftags&post=1150"}],"curies":[{"name":"wp","href":"https:\/\/api.w.org\/{rel}","templated":true}]}}