{"id":1737,"date":"2012-10-22T13:39:55","date_gmt":"2012-10-22T13:39:55","guid":{"rendered":"http:\/\/thorkellhelgason.is\/?p=1737"},"modified":"2015-11-20T12:57:23","modified_gmt":"2015-11-20T12:57:23","slug":"rslitin-einhlt","status":"publish","type":"post","link":"https:\/\/thorkellhelgason.is\/?p=1737","title":{"rendered":"\u00darslitin einhl\u00edt"},"content":{"rendered":"<p><em>[Skr\u00e1r sem v\u00edsa\u00f0 er \u00ed voru lei\u00f0r\u00e9ttar 23. okt. 2012 kl 20, en j\u00e1 og nei haf\u00f0i v\u00edxlast \u00ed sv\u00f6rum vi\u00f0 3. spurningu, um \u00fej\u00f3\u00f0kirkjuna \u00ed k\u00f6nnun MMR. Skrifast \u00e1 reikning \u00deH.]<\/em><\/p>\n<p>\u00darslit \u00fej\u00f3\u00f0aratkv\u00e6\u00f0agrei\u00f0slan um stj\u00f3rnarskr\u00e1rm\u00e1li\u00f0 liggja n\u00fa fyrir og hef \u00e9g dregi\u00f0 t\u00f6lurnar saman \u00e1 me\u00f0f. Excel-skjali, enda \u00fe\u00f3tt ekki s\u00e9u alveg \u00f6ll kurl komin til grafar; sj\u00e1 gullita\u00f0ar athugasemdir.<\/p>\n<p><a href=\"https:\/\/thorkellhelgason.is\/wp-content\/uploads\/2012\/10\/\u00darslit-\u00fej\u00f3\u00f0aratkv.grei\u00f0slu-20-10-20127.xlsx\">\u00darslit \u00fej\u00f3\u00f0aratkv.grei\u00f0slu 20 10 2012<\/a><\/p>\n<p><em>(Smelli\u00f0 \u00e1 bl\u00e1u skr\u00e1na h\u00e9r \u00ed n\u00e6stu l\u00ednu fyrir ofan. H\u00fan kann a\u00f0 birtst sem Excel-au\u00f0kenni ne\u00f0st \u00ed vefs\u00ed\u00f0uglugganum. \u00de\u00e1 \u00fearf a\u00f0 smella \u00e1 hana aftur \u00fear.)<\/em><\/p>\n<p>\u00dej\u00f3\u00f0aratkv\u00e6\u00f0agrei\u00f0slan s\u00fdnir \u00f3tr\u00falega mikla samst\u00f6\u00f0u \u00fej\u00f3\u00f0arinnar ekki s\u00edst ef \u00farslitin eru borin saman vi\u00f0 \u00fe\u00e1 einu sko\u00f0anak\u00f6nnun sem ger\u00f0 var \u00e1 undan atkv\u00e6\u00f0agrei\u00f0slunni. \u00dea\u00f0 ger\u00f0i MMR s.l. vor og ni\u00f0urst\u00f6\u00f0urnar voru n\u00e1nast \u00fe\u00e6r s\u00f6mu og fengust \u00e1 laugardaginn. Sj\u00e1 k\u00f6nnunin: <a href=\"http:\/\/mmr.is\/frettir\/birtar-nieurstoeeur\/249-tveir-trieju-styeja-tilloegur-stjornlagaraes\">http:\/\/mmr.is\/frettir\/birtar-nieurstoeeur\/249-tveir-trieju-styeja-tilloegur-stjornlagaraes<\/a><\/p>\n<p>\u00deennan samanbur\u00f0 m\u00e1 sj\u00e1 \u00e1 flipanum &#8222;S\u00falurit&#8220; \u00ed Excel-skjalinu:<\/p>\n<p><a href=\"https:\/\/thorkellhelgason.is\/wp-content\/uploads\/2012\/10\/S\u00falurit3.pdf\">S\u00falurit<\/a><\/p>\n<p>T.d. voru 66,9% \u00feeirra sem afst\u00f6\u00f0u t\u00f3ku \u00ed \u00fej\u00f3\u00f0aratkv\u00e6\u00f0agrei\u00f0slunni samm\u00e1la \u00fev\u00ed a\u00f0 leggja till\u00f6gur stj\u00f3rnlagar\u00e1\u00f0s til grundvallar frumvarpi a\u00f0 breyttri stj\u00f3rnarskr\u00e1 en hj\u00e1 MMR var hlutfalli\u00f0 66,1%. Munurinn er langt innan skekkjumarka. \u00cd \u00f6\u00f0rum spurningum voru j\u00e1yr\u00f0in \u00ed sko\u00f0anak\u00f6nnuninni nokkru eindregnari en \u00feau voru \u00ed \u00fej\u00f3\u00f0aratkv\u00e6\u00f0agrei\u00f0slunni (\u00fe\u00f3 var ekki markt\u00e6kur munur \u00ed kirkjuspurningunni). Ekkert ver\u00f0ur h\u00e9r fullyrt en \u00fe\u00f3 bendir \u00feetta vart til annars en a\u00f0 \u00feeir sem heima s\u00e1tu hafi veri\u00f0 hinum sem greiddu atkv\u00e6\u00f0i n\u00e6sta samm\u00e1la.<\/p>\n<p>&nbsp;<\/p>\n<h1><\/h1>\n","protected":false},"excerpt":{"rendered":"<p>[Skr\u00e1r sem v\u00edsa\u00f0 er \u00ed voru lei\u00f0r\u00e9ttar 23. okt. 2012 kl 20, en j\u00e1 og nei haf\u00f0i v\u00edxlast \u00ed sv\u00f6rum vi\u00f0 3. spurningu, um \u00fej\u00f3\u00f0kirkjuna \u00ed k\u00f6nnun MMR. Skrifast \u00e1 reikning \u00deH.] \u00darslit \u00fej\u00f3\u00f0aratkv\u00e6\u00f0agrei\u00f0slan um stj\u00f3rnarskr\u00e1rm\u00e1li\u00f0 liggja n\u00fa fyrir og hef \u00e9g dregi\u00f0 t\u00f6lurnar saman \u00e1 me\u00f0f. Excel-skjali, enda \u00fe\u00f3tt ekki s\u00e9u alveg \u00f6ll kurl [&hellip;]<\/p>\n","protected":false},"author":1,"featured_media":0,"comment_status":"open","ping_status":"open","sticky":false,"template":"","format":"standard","meta":{"_et_pb_use_builder":"","_et_pb_old_content":"","_et_gb_content_width":"","footnotes":""},"categories":[1],"tags":[55,53,64],"class_list":["post-1737","post","type-post","status-publish","format-standard","hentry","category-eigin-vefsida","tag-stjornarskrarmal","tag-tillogur-stjornlagarads","tag-thjodaratkvaedagreidsla-2012"],"_links":{"self":[{"href":"https:\/\/thorkellhelgason.is\/index.php?rest_route=\/wp\/v2\/posts\/1737","targetHints":{"allow":["GET"]}}],"collection":[{"href":"https:\/\/thorkellhelgason.is\/index.php?rest_route=\/wp\/v2\/posts"}],"about":[{"href":"https:\/\/thorkellhelgason.is\/index.php?rest_route=\/wp\/v2\/types\/post"}],"author":[{"embeddable":true,"href":"https:\/\/thorkellhelgason.is\/index.php?rest_route=\/wp\/v2\/users\/1"}],"replies":[{"embeddable":true,"href":"https:\/\/thorkellhelgason.is\/index.php?rest_route=%2Fwp%2Fv2%2Fcomments&post=1737"}],"version-history":[{"count":22,"href":"https:\/\/thorkellhelgason.is\/index.php?rest_route=\/wp\/v2\/posts\/1737\/revisions"}],"predecessor-version":[{"id":2328,"href":"https:\/\/thorkellhelgason.is\/index.php?rest_route=\/wp\/v2\/posts\/1737\/revisions\/2328"}],"wp:attachment":[{"href":"https:\/\/thorkellhelgason.is\/index.php?rest_route=%2Fwp%2Fv2%2Fmedia&parent=1737"}],"wp:term":[{"taxonomy":"category","embeddable":true,"href":"https:\/\/thorkellhelgason.is\/index.php?rest_route=%2Fwp%2Fv2%2Fcategories&post=1737"},{"taxonomy":"post_tag","embeddable":true,"href":"https:\/\/thorkellhelgason.is\/index.php?rest_route=%2Fwp%2Fv2%2Ftags&post=1737"}],"curies":[{"name":"wp","href":"https:\/\/api.w.org\/{rel}","templated":true}]}}