{"id":1991,"date":"2014-05-08T12:24:29","date_gmt":"2014-05-08T12:24:29","guid":{"rendered":"http:\/\/thorkellhelgason.is\/?p=1991"},"modified":"2014-05-08T12:25:41","modified_gmt":"2014-05-08T12:25:41","slug":"kjrheftir-kjsendur","status":"publish","type":"post","link":"https:\/\/thorkellhelgason.is\/?p=1991","title":{"rendered":"Kj&ouml;rheftir kj&oacute;sendur"},"content":{"rendered":"<p><em>[Birtist \u00ed Fr\u00e9ttabla\u00f0inu 7. ma\u00ed 2014.]<\/em><\/p>\n<p>Framundan eru kosningar til sveitarstj\u00f3rna \u00e1 \u00cdslandi. \u00cdmyndum okkur a\u00f0 kosningakerfi\u00f0 v\u00e6ri \u00feannig a\u00f0 \u00e1 kj\u00f6rse\u00f0linum st\u00e6\u00f0u einungis n\u00f6fn flokka en engir v\u00e6ru frambj\u00f3\u00f0endurnir. A\u00f0 kosningum loknum v\u00e6ri \u00fea\u00f0 hlutverk flokkanna sj\u00e1lfra a\u00f0 velja fulltr\u00faa til a\u00f0 skipa \u00feau s\u00e6ti sem k\u00e6mu \u00ed hvers hlut.<\/p>\n<p>Varla \u00fe\u00e6tti okkur \u00feetta l\u00fd\u00f0r\u00e6\u00f0islegt fyrirkomulag? En \u00feannig er kerfi\u00f0 \u00ed raun. Hj\u00e1 \u00feeim sem kj\u00f3sa utan kj\u00f6rfundar er \u201ekj\u00f6rse\u00f0illinn\u201c meira a\u00f0 segja autt bla\u00f0. Kj\u00f3sendur sem kj\u00f3sa fyrir kj\u00f6rdag vita lengst af ekki einu sinni hva\u00f0a flokkar eru \u00ed frambo\u00f0i. En jafnvel \u00fe\u00f3tt kosi\u00f0 s\u00e9 \u00e1 kj\u00f6rdegi stendur kj\u00f3sandinn a\u00f0eins frammi fyrir vali milli lista. Hann s\u00e9r a\u00f0 v\u00edsu hvernig listarnir eru manna\u00f0ir, en getur vart haft \u00e1hrif \u00e1 \u00fea\u00f0 hverjir munu skipa s\u00e6tin. \u00dea\u00f0 hafa flokkarnir \u00e1kve\u00f0i\u00f0 fyrirfram.<\/p>\n<p>A\u00f0 v\u00edsu voru \u00e1hrif \u00fatstrikana talsvert aukin me\u00f0 breytingum \u00e1 l\u00f6gum um kosningar til Al\u00feingis um aldam\u00f3ta\u00e1ri\u00f0. \u00deessi breyting hefur leitt til \u00feess a\u00f0 \u00ed fj\u00f6gur skipti hefur frambj\u00f3\u00f0andi f\u00e6rst ni\u00f0ur um s\u00e6ti. En \u00feessu er ekki a\u00f0 heilsa \u00ed sveitarstj\u00f3rnarkosningum. Al\u00feingi hefur ekki komi\u00f0 \u00fev\u00ed \u00ed verk a\u00f0 gera hli\u00f0st\u00e6\u00f0ar breytingar \u00e1 l\u00f6gum um kosningar til sveitarstj\u00f3rna. \u00dear er vald kj\u00f3senda til breytinga \u00e1 frambo\u00f0slistum enn a\u00f0eins \u00e1hrifalaus s\u00fdndarmennska.<\/p>\n<p><strong>Stu\u00f0ningur n\u00e6r 80 pr\u00f3senta<\/strong><br \/>\nAllt bendir \u00fe\u00f3 til a\u00f0 kj\u00f3sendur s\u00e9u mj\u00f6g \u00e1fram um a\u00f0 f\u00e1 nokkru um \u00fea\u00f0 r\u00e1\u00f0i\u00f0 hva\u00f0a pers\u00f3nur veljast sem fulltr\u00faar \u00feeirra. \u00cd r\u00e1\u00f0gefandi \u00fej\u00f3\u00f0aratkv\u00e6\u00f0agrei\u00f0slu \u00ed okt\u00f3ber 2012 um till\u00f6gur Stj\u00f3rnlagar\u00e1\u00f0s hlaut spurning um auki\u00f0 pers\u00f3nukj\u00f6r stu\u00f0ning n\u00e6r 80% kj\u00f3senda. En s\u00ed\u00f0an hefur ekkert gerst.<\/p>\n<p>\u00d3v\u00ed\u00f0a er jafn v\u00ed\u00f0t\u00e6kt pers\u00f3nukj\u00f6r og \u00ed B\u00e6jaralandi \u00fear sem \u00feessi greinarst\u00fafur er rita\u00f0ur. Frambo\u00f0slistum er \u00ed kynningarskyni stillt upp \u00ed forgangsr\u00f6\u00f0 en kj\u00f3sendur r\u00e1\u00f0a \u00fev\u00ed samt alfari\u00f0 hverjir veljast \u00e1 lands\u00feing e\u00f0a \u00ed sveitarstj\u00f3rnir. Til \u00feess hafa \u00feeir miki\u00f0 valfrelsi. \u00deeir geta vali\u00f0 s\u00e9r frambj\u00f3\u00f0endur, og \u00fea\u00f0 \u00fevert \u00e1 lista. Um lei\u00f0, e\u00f0a \u00ed sta\u00f0inn, geta \u00feeir merkt vi\u00f0 lista, jafnvel allt a\u00f0 \u00feremur. Kj\u00f3sendur hafa \u00fe\u00f3 allir sama kosningar\u00e9tt. Dreifi \u00feeir atkv\u00e6\u00f0inu \u00e1 marga frambj\u00f3\u00f0endur e\u00f0a flokka \u00feynnist \u00fea\u00f0 \u00fat \u00ed sama m\u00e6li.<\/p>\n<p>Stj\u00f3rnlagar\u00e1\u00f0 lag\u00f0i til \u00e1kv\u00e6\u00f0i um pers\u00f3nukj\u00f6r vi\u00f0 kosningar til Al\u00feingis, en \u00fe\u00f3 ekki jafn galopi\u00f0 og h\u00e9r \u00ed Su\u00f0ur-\u00de\u00fdskalandi. Engu a\u00f0 s\u00ed\u00f0ur st\u00f3\u00f0 ekki \u00e1 fullyr\u00f0ingum \u00fdmissa stj\u00f3rnm\u00e1lafr\u00e6\u00f0inga um a\u00f0 pers\u00f3nukj\u00f6r a\u00f0 hugmynd r\u00e1\u00f0sins \u00feekktist hvergi. Einn \u00feeirra sag\u00f0i a\u00f0 \u00fea\u00f0 a\u00f0 atkv\u00e6\u00f0i g\u00e6ti skipst \u00e1 milli flokka v\u00e6ri brot \u00e1 mannsr\u00e9ttindas\u00e1ttm\u00e1lum.<\/p>\n<p>A\u00f0rir fr\u00e6\u00f0ingar telja pers\u00f3nukj\u00f6r st\u00f3rh\u00e6ttulegt l\u00fd\u00f0r\u00e6\u00f0inu. Ekki ver\u00f0ur \u00fe\u00f3 anna\u00f0 s\u00e9\u00f0 en \u00fea\u00f0 virki m\u00e6ta vel h\u00e9r um sl\u00f3\u00f0ir. \u00dearf a\u00f0 matrei\u00f0a frambj\u00f3\u00f0endur ofan \u00ed \u00edslenska kj\u00f3sendur? Eru \u00feeir vanh\u00e6fari en t.d. \u00fe\u00fdskir a\u00f0 velja s\u00e9r fulltr\u00faa af viti?<\/p>\n<p align=\"right\"><em>\u00deorkell Helgason sat \u00ed Stj\u00f3rnlagar\u00e1\u00f0i<\/em><\/p>\n","protected":false},"excerpt":{"rendered":"<p>[Birtist \u00ed Fr\u00e9ttabla\u00f0inu 7. ma\u00ed 2014.] Framundan eru kosningar til sveitarstj\u00f3rna \u00e1 \u00cdslandi. \u00cdmyndum okkur a\u00f0 kosningakerfi\u00f0 v\u00e6ri \u00feannig a\u00f0 \u00e1 kj\u00f6rse\u00f0linum st\u00e6\u00f0u einungis n\u00f6fn flokka en engir v\u00e6ru frambj\u00f3\u00f0endurnir. A\u00f0 kosningum loknum v\u00e6ri \u00fea\u00f0 hlutverk flokkanna sj\u00e1lfra a\u00f0 velja fulltr\u00faa til a\u00f0 skipa \u00feau s\u00e6ti sem k\u00e6mu \u00ed hvers hlut. Varla \u00fe\u00e6tti okkur \u00feetta [&hellip;]<\/p>\n","protected":false},"author":1,"featured_media":0,"comment_status":"open","ping_status":"open","sticky":false,"template":"","format":"standard","meta":{"_et_pb_use_builder":"","_et_pb_old_content":"","_et_gb_content_width":"","footnotes":""},"categories":[1],"tags":[28,61,25,64,57],"class_list":["post-1991","post","type-post","status-publish","format-standard","hentry","category-eigin-vefsida","tag-frettabladid","tag-kosningakerfi-erlendis","tag-personukjor","tag-thjodaratkvaedagreidsla-2012","tag-thyskaland"],"_links":{"self":[{"href":"https:\/\/thorkellhelgason.is\/index.php?rest_route=\/wp\/v2\/posts\/1991","targetHints":{"allow":["GET"]}}],"collection":[{"href":"https:\/\/thorkellhelgason.is\/index.php?rest_route=\/wp\/v2\/posts"}],"about":[{"href":"https:\/\/thorkellhelgason.is\/index.php?rest_route=\/wp\/v2\/types\/post"}],"author":[{"embeddable":true,"href":"https:\/\/thorkellhelgason.is\/index.php?rest_route=\/wp\/v2\/users\/1"}],"replies":[{"embeddable":true,"href":"https:\/\/thorkellhelgason.is\/index.php?rest_route=%2Fwp%2Fv2%2Fcomments&post=1991"}],"version-history":[{"count":3,"href":"https:\/\/thorkellhelgason.is\/index.php?rest_route=\/wp\/v2\/posts\/1991\/revisions"}],"predecessor-version":[{"id":1994,"href":"https:\/\/thorkellhelgason.is\/index.php?rest_route=\/wp\/v2\/posts\/1991\/revisions\/1994"}],"wp:attachment":[{"href":"https:\/\/thorkellhelgason.is\/index.php?rest_route=%2Fwp%2Fv2%2Fmedia&parent=1991"}],"wp:term":[{"taxonomy":"category","embeddable":true,"href":"https:\/\/thorkellhelgason.is\/index.php?rest_route=%2Fwp%2Fv2%2Fcategories&post=1991"},{"taxonomy":"post_tag","embeddable":true,"href":"https:\/\/thorkellhelgason.is\/index.php?rest_route=%2Fwp%2Fv2%2Ftags&post=1991"}],"curies":[{"name":"wp","href":"https:\/\/api.w.org\/{rel}","templated":true}]}}