{"id":2247,"date":"2015-06-02T15:57:57","date_gmt":"2015-06-02T15:57:57","guid":{"rendered":"http:\/\/thorkellhelgason.is\/?p=2247"},"modified":"2015-06-04T14:06:10","modified_gmt":"2015-06-04T14:06:10","slug":"45-thusund-skrifa-undir-askorun-ny-stjornarskra-hefdi-tryggt-audlindir-i-thjodareign","status":"publish","type":"post","link":"https:\/\/thorkellhelgason.is\/?p=2247","title":{"rendered":"&#8222;45 \u00fe\u00fasund skrifa undir \u00e1skorun: N\u00fd stj\u00f3rnarskr\u00e1 hef\u00f0i tryggt au\u00f0lindir \u00ed \u00fej\u00f3\u00f0areign&#8220;"},"content":{"rendered":"<p><em>[Eftirfarandi pistill me\u00f0 vi\u00f0tali birtist \u00e1 vefmi\u00f0linum Stundin 31. ma\u00ed\u00a02015. Hann er h\u00e9r endurbirtur \u00e1n mynda, en skjali\u00f0 me\u00f0 myndum m\u00e1 finna \u00e1 <a href=\"https:\/\/thorkellhelgason.is\/wp-content\/uploads\/2015\/06\/Vi\u00f0tal-vi\u00f0-\u00deH-\u00e1-Stundinni.pdf\">Vi\u00f0tal vi\u00f0 \u00deH \u00e1 Stundinni<\/a>]<\/em><\/p>\n<p>Undirskriftars\u00f6fnun fari\u00f0 fram \u00far bj\u00f6rtustu vonum, segir \u00deorkell Helgason pr\u00f3fessor. \u201eSt\u00f3ru vonbrig\u00f0in voru a\u00f0 ni\u00f0urst\u00f6\u00f0ur stj\u00f3rnlagar\u00e1\u00f0s hafa algj\u00f6rlega daga\u00f0 uppi.\u201c<\/p>\n<p><a href=\"http:\/\/stundin.is\/frettir\/\"><strong>Fr\u00e9ttir<\/strong><\/a><\/p>\n<ol start=\"31\">\n<li>ma\u00ed 2015,\u00a0kl. 18:15<\/li>\n<\/ol>\n<p><strong>Ingibj\u00f6rg D\u00f6gg Kjartansd\u00f3ttir<\/strong><\/p>\n<p>ingibjorg@stundin.is<\/p>\n<p>Meira en 45 \u00fe\u00fasund hafa skrifa\u00f0 undir\u00a0<a href=\"http:\/\/thjodareign.is\/\">\u00e1skorun til forseta \u00cdslands<\/a>\u00a0um a\u00f0 v\u00edsa til \u00fej\u00f3\u00f0aratkv\u00e6\u00f0agrei\u00f0slu \u00f6llum l\u00f6gum sem myndu heimila r\u00e1\u00f0st\u00f6fun fiskvei\u00f0iheimilda til lengri t\u00edma en eins \u00e1rs \u00e1 me\u00f0an ekkert \u00e1kv\u00e6\u00f0i um \u00fej\u00f3\u00f0areign \u00e1 au\u00f0lindum hefur veri\u00f0 sett \u00ed stj\u00f3rnarskr\u00e1 og \u00fej\u00f3\u00f0inni ekki veri\u00f0 tryggt fullt gjald fyrir afnot \u00feeirra.<\/p>\n<p>L\u00edkt og bent var \u00e1\u00a0<a href=\"http:\/\/www.ruv.is\/frett\/fleiri-undirskriftir-en-seinni-icesave-log\">\u00ed fr\u00e9tt R\u00daV um m\u00e1li\u00f0<\/a>\u00a0hafa fleiri skrifa\u00f0 undir \u00feessa \u00e1skorun en skrifu\u00f0u undir undirskriftalista vegna seinni Icesave-laga \u00e1ri\u00f0 2011 og fj\u00f6lmi\u00f0lalaga \u00e1ri\u00f0 2004. Forseti \u00cdslands synja\u00f0i fj\u00f6lmi\u00f0lal\u00f6gunum \u00e1 \u00feeim forsendum a\u00f0 gj\u00e1 v\u00e6ri \u00e1 milli \u00feings og \u00fej\u00f3\u00f0ar.<\/p>\n<p>\u00deorkell Helgason st\u00e6r\u00f0fr\u00e6\u00f0ingur er einn \u00feeirra sem stendur a\u00f0 baki undirskriftas\u00f6fnuninni. Hann segir a\u00f0 h\u00fan hafi gengi\u00f0 vonum framar og s\u00fdni hversu alvarlegt m\u00e1li\u00f0 s\u00e9. \u201eVi\u00f0 erum fjarska \u00e1n\u00e6g\u00f0 me\u00f0 \u00feessar undirtektir. Vi\u00f0 getum \u00fe\u00f3 ekki sagt a\u00f0 vi\u00f0 h\u00f6fum stefnt a\u00f0 neinu s\u00e9rst\u00f6ku markmi\u00f0i af \u00fev\u00ed a\u00f0 forsetinn metur hvernig hann bregst vi\u00f0. Vi\u00f0 h\u00f6fum engin \u00e1hrif \u00e1 \u00fea\u00f0.\u201c<\/p>\n<p>\u00c1r\u00e1ngurinn s\u00e9 s\u00e9rstaklega g\u00f3\u00f0ur \u00ed lj\u00f3si \u00feess a\u00f0 h\u00f3purinn sem a\u00f0 baki undirskriftarst\u00f6fnuninni stendur haf\u00f0i ekki \u00far neinu f\u00e9 a\u00f0 spila, n\u00e1kv\u00e6mlega engu. \u201e\u00deannig a\u00f0 vi\u00f0 h\u00f6fum ekki geta\u00f0 stunda\u00f0 neinar augl\u00fdsingaherfer\u00f0ir, anna\u00f0 en a\u00f0 vera virk \u00e1 ve\u00f0mi\u00f0lum, blogga og \u00fev\u00eduml\u00edkt. En \u00fea\u00f0 er n\u00fa ekki a\u00f0alatri\u00f0i\u00f0, heldur hitt. \u00dea\u00f0 sem vi\u00f0 erum a\u00f0 leggja kapp \u00e1 er a\u00f0 menn hugsi n\u00fa sinn gang. Makr\u00edlfumvarpi\u00f0 \u00ed sj\u00e1lfu s\u00e9r kann a\u00f0 vir\u00f0ast l\u00edti\u00f0 og meinlaust og vel meint af r\u00e1\u00f0herans h\u00e1lfu, en vi\u00f0 \u00f3ttumst a\u00f0 \u00fearna geti l\u00edtil \u00fe\u00fafa velt \u00feungu hlassi \u2013 a\u00f0 \u00feetta s\u00e9 upphafi\u00f0 a\u00f0 \u00fev\u00ed a\u00f0 \u00fea\u00f0 ver\u00f0i ekki aftur sn\u00fai\u00f0, a\u00f0 kv\u00f3tarnir ver\u00f0i endanlega einkav\u00e6ddir.\u201c<\/p>\n<p style=\"text-align: left;\"><strong>Skorar \u00e1 forsetann<\/strong>\u00a0\u00deorkell Helgason pr\u00f3fessor er \u00e1 me\u00f0al \u00feeirra sem standa a\u00f0 baki undirskriftas\u00f6fnuninni. Hann \u00e1tti einnig s\u00e6ti \u00ed stj\u00f3rnlagar\u00e1\u00f0i og segir st\u00e6rstu vonbrig\u00f0in \u00feau a\u00f0 till\u00f6gur r\u00e1\u00f0sins n\u00e1\u00f0u ekki fram a\u00f0 ganga.<\/p>\n<p><strong>\u00dej\u00f3\u00f0in \u00e6tti\u00a0a\u00f0 f\u00e1 e\u00f0lilegt gjald<\/strong><\/p>\n<p>\u00deorkell bendir \u00e1 a\u00f0 vissulega s\u00e9 kominn viss hef\u00f0arr\u00e9ttur \u00e1 \u00fathlutun kv\u00f3tans og \u00fev\u00ed ekki h\u00e6gt a\u00f0 innkalla hann \u00e1 augabrag\u00f0i. \u201e\u00dea\u00f0 \u00fearf e\u00f0lilegan a\u00f0draganda. Svo \u00e9g tali n\u00fa bara fyrir sj\u00e1lfan mig, \u00fe\u00e1 s\u00e9 \u00e9g \u00fea\u00f0 fyrir mig a\u00f0 n\u00fa \u00e6ttu menn a\u00f0 setjast ni\u00f0ur og hugsa sinn gang. \u00c9g held a\u00f0 fyrir \u00fatger\u00f0ina g\u00e6ti veri\u00f0 mj\u00f6g hagkv\u00e6mt a\u00f0 reyna a\u00f0 n\u00e1 s\u00e1ttum \u00e1 \u00feeim n\u00f3tum sem st\u00f3r meirihluti \u00fej\u00f3\u00f0arinnar vir\u00f0ist vera \u00e1. Samkv\u00e6mt sko\u00f0anak\u00f6nnun 2012 s\u00f6g\u00f0ust yfir \u00e1ttat\u00edu pr\u00f3sent sty\u00f0ja \u00fea\u00f0 a\u00f0 \u00fea\u00f0 yr\u00f0i teki\u00f0 e\u00f0lilegt gjald fyrir kv\u00f3tann.<\/p>\n<p><strong>\u201eSamkv\u00e6mt sko\u00f0anak\u00f6nnun 2012 s\u00f6g\u00f0ust yfir \u00e1ttat\u00edu pr\u00f3sent sty\u00f0ja \u00fea\u00f0 a\u00f0 \u00fea\u00f0 yr\u00f0i teki\u00f0 e\u00f0lilegt gjald fyrir kv\u00f3tann.\u201c\u00a0<\/strong><\/p>\n<p>\u00c9g held a\u00f0 \u00fea\u00f0 \u00e6tti a\u00f0 vera au\u00f0velt a\u00f0 n\u00e1 samkomulagi sem b\u00e6\u00f0i \u00fej\u00f3\u00f0in og \u00fatger\u00f0in \u00e6tti a\u00f0 geta veri\u00f0 s\u00e1tt vi\u00f0. Sl\u00edkt samkomulag f\u00e6list \u00ed \u00fev\u00ed a\u00f0 sker\u00f0a kv\u00f3tana h\u00e6gt og b\u00edtandi, um l\u00edti\u00f0 hlutfall \u00e1rlega og bj\u00f3\u00f0a upp \u00fea\u00f0 sem losnar. \u00deessi hugmynd hefur veri\u00f0 \u00e1 kreiki \u00ed aldarfj\u00f3r\u00f0ung og hefur gengi\u00f0 undir \u00fdmsum n\u00f6fnum, firningarlei\u00f0, tilbo\u00f0slei\u00f0 e\u00f0a uppbo\u00f0slei\u00f0, og veri\u00f0 \u00fatf\u00e6r\u00f0 \u00e1 nokkra mismunandi vegu.<\/p>\n<p>\u00dea\u00f0 m\u00e1 f\u00e6ra r\u00f6k fyrir \u00fev\u00ed a\u00f0 \u00fea\u00f0 a\u00f0 fara \u00feessa lei\u00f0 s\u00e9 s\u00edst \u00f3hagkv\u00e6mara fyrir \u00fatger\u00f0ina heldur en a\u00f0 vera \u00ed \u00f3vissu um framhaldi\u00f0. \u00dea\u00f0 hefur n\u00fa komi\u00f0 fram hj\u00e1 talsm\u00f6nnum \u00fatger\u00f0arinnar a\u00f0 \u00feeir eru or\u00f0nir \u00f3r\u00f3legir yfir \u00fev\u00ed a\u00f0 geta ekki veri\u00f0 vissir um framt\u00ed\u00f0arskilm\u00e1lana.\u201c<\/p>\n<p><strong>Umdeilt frumvarp\u00a0<\/strong>\u00deorkell v\u00e6ntir \u00feess a\u00f0 Sigur\u00f0ur Ingi dragi \u00ed land me\u00f0 makr\u00edlfrumvarpi\u00f0 \u00ed lj\u00f3si andst\u00f6\u00f0unnar vi\u00f0 \u00fea\u00f0.<\/p>\n<p><strong>\u00a0<\/strong><\/p>\n<p><strong>Erfi\u00f0ara en a\u00f0 breyta stj\u00f3rnarskr\u00e1nni<\/strong><\/p>\n<p>\u00c1 me\u00f0al \u00feess gagnr\u00fdnt er a\u00f0 samkv\u00e6mt frumvarpi sj\u00e1var\u00fatvegsr\u00e1\u00f0herra er gert r\u00e1\u00f0 fyrir a\u00f0 \u00fathluta kv\u00f3tanum til sex \u00e1ra \u00ed senn og framlengist \u00fathutunin sj\u00e1lfkrafa \u00e1 hverju \u00e1ri.<\/p>\n<p>Sigur\u00f0ur Ingi J\u00f3hannsson, sj\u00e1var\u00fatvegsr\u00e1\u00f0herra, hefur hins vegar sagt a\u00f0 sex \u00e1r s\u00e9u jafnvel of stuttur t\u00edmi til a\u00f0 tryggja st\u00f6\u00f0ugleika \u00ed greininni.<\/p>\n<p><strong>\u201eB\u00ed\u00f0um n\u00fa vi\u00f0, eigum vi\u00f0 ekki a\u00f0 f\u00e1 s\u00f6mu g\u00f3\u00f0u kj\u00f6rin, eil\u00edf\u00f0areign \u00e1 kv\u00f3tanum\u201c<\/strong><\/p>\n<p>Um \u00fea\u00f0 segir \u00deorkell: \u201e\u00dea\u00f0 sem vi\u00f0 erum a\u00f0 benda \u00e1 er a\u00f0 til \u00feess a\u00f0 segja \u00feessu upp \u00fearf a\u00f0 minnsta kosti sex \u00e1ra a\u00f0draganda. \u00dea\u00f0 \u00fearf \u00fev\u00ed a\u00f0 vera meirihluti \u00e1 Al\u00feingi fyrir upps\u00f6gn \u00e1 \u00fathlutun makr\u00edlkv\u00f3tanna, sem spannar yfir einar, jafnvel tvennar, kosningar.<\/p>\n<p>\u00dea\u00f0 er\u00a0erfi\u00f0ara a\u00f0 draga \u00ed land me\u00f0 \u00fe\u00e1 \u00fathlutun sem v\u00e6ri ger\u00f0 \u00e1 grundvelli \u00feessa frumvarps heldur en a\u00f0 breyta stj\u00f3rnarskr\u00e1nni. Ef \u00feessu ver\u00f0ur komi\u00f0 \u00e1 er afar \u00f3l\u00edklegt a\u00f0 \u00fea\u00f0 ver\u00f0i nokkurn t\u00edmann dregi\u00f0 til baka. \u00de\u00e1 muna \u00feeir sem eru a\u00f0 fiska a\u00f0rar tegundur segja; \u201eB\u00ed\u00f0um n\u00fa vi\u00f0, eigum vi\u00f0 ekki a\u00f0 f\u00e1 s\u00f6mu g\u00f3\u00f0u kj\u00f6rin, eil\u00edf\u00f0areign \u00e1 kv\u00f3tanum\u201c.<\/p>\n<p><strong>M\u00e1linu ver\u00f0ur a\u00f0 lj\u00faka me\u00f0 s\u00e1tt<\/strong><\/p>\n<p>\u00cd lj\u00f3si \u00feess hve margir hafa skrifa\u00f0 undir \u00e1skorunina v\u00e6ntir \u00deorkell \u00feess a\u00f0 frumvarpi\u00f0 ver\u00f0i ekki afgreitt \u00e1 Al\u00feingi, heldur muni daga \u00fear uppi e\u00f0a ver\u00f0a dregi\u00f0 til baka. \u201eR\u00e1\u00f0herra hefur sagt a\u00f0 \u00fea\u00f0 s\u00e9 nau\u00f0synlegt a\u00f0 afgrei\u00f0a \u00feetta me\u00f0 einhverjum h\u00e6tti \u00fev\u00ed a\u00f0 \u00feurfi a\u00f0 vera einhver r\u00e1\u00f0 til a\u00f0 \u00fatdeila makr\u00edlkv\u00f3tanum, en hann hefur gildandi l\u00f6g til \u00feess og \u00fearf \u00ed sj\u00e1lfu s\u00e9r engin n\u00fd l\u00f6g. \u00dea\u00f0 er h\u00e6gt a\u00f0 gera \u00fea\u00f0 me\u00f0 sama h\u00e6tti og gildir\u00a0 um a\u00f0rar fiskvei\u00f0ar, en \u00fea\u00f0 er engin endanleg lausn \u00e1 m\u00e1linu. \u00dea\u00f0 er bara veri\u00f0 a\u00f0 sl\u00e1 \u00fev\u00ed \u00e1 frest.<\/p>\n<p><strong>\u201e\u00dea\u00f0 er b\u00fai\u00f0 a\u00f0 deila um kv\u00f3tam\u00e1li\u00f0 \u00ed \u00ferj\u00e1 \u00e1ratugi og \u00fea\u00f0 \u00fearf a\u00f0 fara a\u00f0 lj\u00faka \u00fev\u00ed en \u00fea\u00f0 ver\u00f0ur a\u00f0 lj\u00faka \u00fev\u00ed me\u00f0 brei\u00f0ri s\u00e1tt.\u201c\u00a0<\/strong><\/p>\n<p>\u00dea\u00f0 er b\u00fai\u00f0 a\u00f0 deila um kv\u00f3tam\u00e1li\u00f0 \u00ed \u00ferj\u00e1 \u00e1ratugi og \u00fea\u00f0 \u00fearf a\u00f0 fara a\u00f0 lj\u00faka \u00fev\u00ed en \u00fea\u00f0 ver\u00f0ur a\u00f0 lj\u00faka \u00fev\u00ed me\u00f0 brei\u00f0ri s\u00e1tt, l\u00edkt og \u00feessi undirskrifars\u00f6fnun s\u00fdnir. \u00c9g \u00feori n\u00fa ekki a\u00f0 tala fyrir h\u00f6nd \u00fej\u00f3\u00f0arinnar en sko\u00f0anakannanir s\u00fdna a\u00f0 mikill meirihluti hennar er sama sinnis.\u201c<\/p>\n<p>Bo\u00f0a\u00f0 var til byltingar \u00e1 Austurvelli \u00feann 24. ma\u00ed og f\u00f3lki gefnar 99 \u00e1st\u00e6\u00f0ur til \u00feess a\u00f0 m\u00e6ta. Um sj\u00f6 \u00fe\u00fasund manns bo\u00f0u\u00f0u komu s\u00edna og af \u00feeim s\u00f6g\u00f0ust 1.300 \u00e6tla a\u00f0 m\u00e6ta vegna makr\u00edlfrumvarpsins. \u00de\u00e1 er undirskriftars\u00f6fnunin er komin \u00e1 lista yfir st\u00e6rstu undirskriftarsafnanir landsins, me\u00f0 \u00e1skorun um a\u00f0 halda flugvellinum \u00ed Reykjav\u00edk \u00ed Vatnsm\u00fdrinni, \u00e1skorun um \u00e1framhald ESB-vi\u00f0r\u00e6\u00f0na og gegn Icesave, s\u00f6lunni \u00e1 HS Orku.<\/p>\n<p><strong>Setti m\u00e1li\u00f0 \u00ed nefnd<\/strong>\u00a0Frams\u00f3knarfokkurinn lag\u00f0i \u00e1herslu \u00e1 n\u00fdja stj\u00f3rnarskr\u00e1, \u00fej\u00f3\u00f0aratkv\u00e6\u00f0agrei\u00f0slur og a\u00f0ildarvi\u00f0r\u00e6\u00f0ur vi\u00f0 Evr\u00f3pusambandi\u00f0 \u00ed a\u00f0draganda \u00feingkosninganna 2009. M\u00e1li\u00f0 var s\u00ed\u00f0an sett \u00ed nefnd eftir a\u00f0 flokkurinn komst til valda.<\/p>\n<p><strong>Vilja ekki vera ni\u00f0urrifsmenn<\/strong><\/p>\n<p>Forsetinn hefur \u00ferisvar sinnum synja\u00f0 l\u00f6gum, annars vegar um fj\u00f6lmi\u00f0lafrumvarpi\u00f0 og hins vegar um skuldbindingar \u00cdslands vegna Icesave \u00e1 \u00e1runum 2010 og 2011.<\/p>\n<p>N\u00fa er skora\u00f0 \u00e1 hann a\u00f0 gera \u00fea\u00f0 aftur. \u201eForsetinn hefur reyndar f\u00e6rt mismunandi r\u00f6k fyrir \u00fev\u00ed \u00ed \u00feessi \u00ferj\u00fa skipti sem hann hefur v\u00edsa\u00f0 m\u00e1lum til \u00fej\u00f3\u00f0arinnar. Hann hefur n\u00fa ekki veri\u00f0 alveg samkv\u00e6mur sj\u00e1lfum s\u00e9r \u00fear, a\u00f0 m\u00ednu mati. \u00deannig a\u00f0 hann ver\u00f0ur a\u00f0 meta \u00fea\u00f0 sj\u00e1lfur hva\u00f0 hann gerir. En \u00e9g hugsa a\u00f0 \u00feessi 45 \u00fe\u00fasund sem eru \u00feegar b\u00fain a\u00f0 skrifa undir ver\u00f0i fyrir miklum vonbrig\u00f0um me\u00f0 hann ef hann v\u00edsar \u00feessu ekki til \u00fej\u00f3\u00f0aratkv\u00e6\u00f0agrei\u00f0slu.<\/p>\n<p>\u00c9g er n\u00fa a\u00f0 vona a\u00f0 \u00fea\u00f0 ver\u00f0i aldrei, a\u00f0 m\u00e1li\u00f0 komist aldrei svo langt heldur ver\u00f0i makr\u00edlfrumvarpi\u00f0 dregi\u00f0 til baka e\u00f0a lagt til hli\u00f0ar.<\/p>\n<p><strong>\u201eVi\u00f0 erum ekki a\u00f0 gera \u00feetta til a\u00f0 skapa \u00falf\u00fa\u00f0 \u00ed samf\u00e9laginu heldur til a\u00f0 h\u00e6gt s\u00e9 a\u00f0 finna lausn.\u201c\u00a0<\/strong><\/p>\n<p>\u00de\u00e1 gefst t\u00edmi til a\u00f0 finna lausn. Vi\u00f0 viljum ekki vera ni\u00f0urrifsmenn. Vi\u00f0 erum ekki a\u00f0 gera \u00feetta til a\u00f0 skapa \u00falf\u00fa\u00f0 \u00ed samf\u00e9laginu heldur til a\u00f0 h\u00e6gt s\u00e9 a\u00f0 finna lausn, sem vi\u00f0 teljum a\u00f0 s\u00e9 \u00ed augs\u00fdn og geti \u00fej\u00f3na\u00f0 hagsmunum \u00fatger\u00f0arinnar og rennt \u00feeim si\u00f0fer\u00f0ilegu sto\u00f0um undir kv\u00f3takerfi\u00f0 sem nau\u00f0synlegt er til a\u00f0 \u00fej\u00f3\u00f0in s\u00e9 s\u00e1tt vi\u00f0 \u00fea\u00f0, og telji sig hafa fengi\u00f0 eitthva\u00f0 fyrir sn\u00fa\u00f0 sinn, fyrir a\u00f0 eiga au\u00f0lindina.<\/p>\n<p>Um lei\u00f0 myndi \u00fea\u00f0 \u00fe\u00fd\u00f0a a\u00f0 n\u00fdli\u00f0ar g\u00e6tu fengi\u00f0 aukin t\u00e6kif\u00e6ri. Eitt af \u00fev\u00ed sem menn finna n\u00faverandi kv\u00f3takerfi til for\u00e1ttu er a\u00f0 menn eigi erfitt me\u00f0 a\u00f0 hasla s\u00e9r v\u00f6ll \u00ed greininni. \u00deeir ver\u00f0i a\u00f0 kaupa kv\u00f3ta af n\u00faverandi handh\u00f6fum kv\u00f3tans. Me\u00f0 lei\u00f0inni sem \u00e9g var a\u00f0 reifa g\u00e6tu \u00feeir keypt kv\u00f3ta \u00e1 uppbo\u00f0um, \u00fea\u00f0 er a\u00f0 segja r\u00e9tt til langt\u00edmaleigu sem l\u00edtur vissum skilm\u00e1lum.\u201c<\/p>\n<p><strong>N\u00fd stj\u00f3rnarskr\u00e1 hef\u00f0i tryggt au\u00f0lindir \u00ed almannaeigu<\/strong><\/p>\n<p>\u00deorkell \u00e1tti s\u00e6ti \u00ed stj\u00f3rnlagar\u00e1\u00f0i, \u00fear sem lagt var til a\u00f0 n\u00e1tt\u00faruau\u00f0lindir yr\u00f0u l\u00fdstar \u00fej\u00f3\u00f0areign \u00ed n\u00fdrri stj\u00f3rnarskr\u00e1. \u00deann 20. okt\u00f3ber 2012 f\u00f3r \u00fej\u00f3\u00f0aratkv\u00e6\u00f0agrei\u00f0sla fram um till\u00f6gur stj\u00f3rnlagar\u00e1\u00f0s. \u00dear kom fram a\u00f0 meirihluti \u00fej\u00f3\u00f0arinnar vildi a\u00f0 till\u00f6gur stj\u00f3rnlagar\u00e1\u00f0s yr\u00f0u lag\u00f0ar til grundvallar frumvarpi a\u00f0 n\u00fdrri stj\u00f3rnarskr\u00e1. \u00de\u00e1 vildu 74 pr\u00f3sent a\u00f0 n\u00e1tt\u00faruau\u00f0lindir sem ekki eru \u00ed einkaeigu yr\u00f0u l\u00fdstar \u00fej\u00f3\u00f0areign.<\/p>\n<p><strong>\u201e\u00dea\u00f0 merkti \u00fea\u00f0 l\u00edka a\u00f0 \u00fej\u00f3\u00f0in fengi e\u00f0lilegan ar\u00f0 og fullt gjald fyrir \u00feessar au\u00f0lindir sem h\u00fan \u00e1.\u201c<\/strong><\/p>\n<p>\u201eVi\u00f0 h\u00f6f\u00f0um alveg sk\u00fdra stefnu \u00ed \u00fev\u00ed m\u00e1li. A\u00f0 \u00fea\u00f0 \u00e6tti a\u00f0 sta\u00f0festa \u00fea\u00f0 \u00ed stj\u00f3rnarksr\u00e1nni a\u00f0 au\u00f0lindir \u00ed almannaeigu v\u00e6ru \u00fea\u00f0 \u00ed raun og veru, ekki bara \u00ed or\u00f0i heldur l\u00edka \u00e1 bor\u00f0i. A\u00f0 \u00fea\u00f0 v\u00e6ri ekki bara einhver fagurgali a\u00f0 au\u00f0lindirnar v\u00e6ru \u00fej\u00f3\u00f0areign, eins og segir \u00ed fyrstu m\u00e1lsgrein fiskvei\u00f0istj\u00f3rnarlaga. \u00dea\u00f0 merkti \u00fea\u00f0 l\u00edka a\u00f0 \u00fej\u00f3\u00f0in fengi e\u00f0lilegan ar\u00f0 og fullt gjald fyrir \u00feessar au\u00f0lindir sem h\u00fan \u00e1.<\/p>\n<p>En vi\u00f0 vitum hvernig f\u00f3r um \u00fe\u00e1 vegfer\u00f0, stj\u00f3rnarskr\u00e1rm\u00e1li\u00f0. \u00c9g segi ekki \u00fea\u00f0 s\u00e9 dautt en \u00fea\u00f0 sem vi\u00f0 ger\u00f0um \u00ed stj\u00f3rnlagar\u00e1\u00f0i n\u00e1\u00f0i ekki fram a\u00f0 ganga \u00e1 Al\u00feingi, \u00fev\u00ed mi\u00f0ur.\u201c<\/p>\n<p><strong>\u00dej\u00f3\u00f0in hef\u00f0i geta\u00f0 krafist \u00fej\u00f3\u00f0aratkv\u00e6\u00f0agrei\u00f0slu<\/strong><\/p>\n<p>\u00cd \u00fej\u00f3\u00f0aratkv\u00e6\u00f0agrei\u00f0slunni kom einnig fram a\u00f0 meirihluti \u00fej\u00f3\u00f0arinnar var sam\u00feykktur \u00feeirri till\u00f6gu stj\u00f3rnlagar\u00e1\u00f0s a\u00f0 tilteki\u00f0 hlutfall kosningab\u00e6rra manna g\u00e6ti krafist \u00feess a\u00f0 m\u00e1l fari \u00ed \u00fej\u00f3\u00f0aratkv\u00e6\u00f0agrei\u00f0slu. \u00cd till\u00f6gum stj\u00f3rnlagar\u00e1\u00f0s var \u00feetta hlutfall t\u00edu pr\u00f3sent, sem er mun minna en fj\u00f6ldi \u00feeirra sem hafa \u00feegar skrifa\u00f0 undir \u00e1skorun til forsetans um a\u00f0 v\u00edsa makr\u00edlfrumvarpi til \u00fej\u00f3\u00f0arinnar.<\/p>\n<p><strong>\u201e\u00cd \u00fej\u00f3\u00f0aratkv\u00e6\u00f0agrei\u00f0slunni kom fram a\u00f0 tveir \u00feri\u00f0ju hlutar kj\u00f3sanda vildu a\u00f0 byggt yr\u00f0i \u00e1 till\u00f6gum stj\u00f3rnlagar\u00e1\u00f0s. Al\u00feingi ger\u00f0i l\u00edti\u00f0 me\u00f0 \u00fea\u00f0.\u201c<\/strong><\/p>\n<p>\u201eVi\u00f0 vorum kannski me\u00f0 svol\u00edti\u00f0 l\u00e1ga t\u00f6lu en vi\u00f0 ger\u00f0um r\u00e1\u00f0 fyrir \u00fev\u00ed a\u00f0 t\u00edu pr\u00f3sent kosningab\u00e6rra manna g\u00e6tu ekki bara kalla\u00f0 eftir kosningum heldur gert \u00fe\u00e1 kr\u00f6fu a\u00f0 \u00fea\u00f0 f\u00e6ri fram \u00fej\u00f3\u00f0aratkv\u00e6\u00f0agrei\u00f0sla um l\u00f6g sem Al\u00feingi v\u00e6ri b\u00fai\u00f0 a\u00f0 setja.<\/p>\n<p>Vi\u00f0 vorum sum \u00ed stj\u00f3rnlagar\u00e1\u00f0i sem t\u00f6ldum \u00fea\u00f0 kannski heldur l\u00e1gt og vildum mi\u00f0a vi\u00f0 15 pr\u00f3sent. T\u00edu pr\u00f3sent kj\u00f3senda er um 27 \u00fe\u00fasund kj\u00f3sendar. Vi\u00f0 erum a\u00f0 n\u00e1lgast 20 pr\u00f3sent og erum langt yfir \u00feeirri kr\u00f6fu sem ger\u00f0 var \u00ed till\u00f6gum stj\u00f3rnlagar\u00e1\u00f0s.<\/p>\n<p>\u00cd \u00fej\u00f3\u00f0aratkv\u00e6\u00f0agrei\u00f0slunni kom fram a\u00f0 tveir \u00feri\u00f0ju hlutar kj\u00f3sanda vildu a\u00f0 byggt yr\u00f0i \u00e1 till\u00f6gum stj\u00f3rnlagar\u00e1\u00f0s.\u00a0Al\u00feingi ger\u00f0i l\u00edti\u00f0 me\u00f0 \u00fea\u00f0,\u201c segir \u00deorkell.<\/p>\n<p><strong>Vi\u00f0sn\u00faningur Frams\u00f3knarflokksins\u00a0<\/strong><\/p>\n<p>N\u00fd stj\u00f3rnarskr\u00e1rnefnd var skipu\u00f0 af fors\u00e6tisr\u00e1\u00f0herra \u00feann 6. n\u00f3vember 2013. \u00cd nefndinni eru fj\u00f3rir fulltr\u00faar r\u00edkisstj\u00f3rnarinnar og fj\u00f3rir fulltr\u00faar stj\u00f3rnarandst\u00f6\u00f0unnar.<\/p>\n<p>\u00deess bera a\u00f0 geta a\u00f0\u00a0Frams\u00f3knarfokkurinn lag\u00f0i \u00e1herslu \u00e1 n\u00fdja stj\u00f3rnarskr\u00e1, \u00fej\u00f3\u00f0aratkv\u00e6\u00f0agrei\u00f0slur og a\u00f0ildarvi\u00f0r\u00e6\u00f0ur vi\u00f0 Evr\u00f3pusambandi\u00f0 \u00ed a\u00f0draganda \u00feingkosninganna 2009. Raunar var eitt af skilyr\u00f0um flokksins fyrir \u00fev\u00ed a\u00f0 verja minnihlutastj\u00f3rn Samfylkingarinnar og Vinstri Gr\u00e6nna falli, a\u00f0 komi\u00f0 yr\u00f0i \u00e1 stj\u00f3rnlaga\u00feingi me\u00f0 \u00fea\u00f0 a\u00f0 markmi\u00f0i a\u00f0 semja n\u00fdja stj\u00f3rnarskr\u00e1.<\/p>\n<p>\u00dea\u00f0 hefur hins vegar\u00a0fari\u00f0 l\u00edti\u00f0 fyrir hugmyndum um n\u00fdja stj\u00f3rnarskr\u00e1 innan flokksins s\u00ed\u00f0an Frams\u00f3knarmenn<a href=\"http:\/\/stundin.is\/frett\/yfirtaka-og-hamskipti-framsoknarflokksins\/\">\u00a0beittu m\u00e1l\u00fe\u00f3fi \u00ed umr\u00e6\u00f0um um stj\u00f3rnlagar\u00e1\u00f0.<\/a><\/p>\n<p><strong>Vill kj\u00f3sa aftur<\/strong>\u00a0Bjarni lag\u00f0i til a\u00f0 kosi\u00f0 yr\u00f0i um breytingartill\u00f6gur \u00e1 stj\u00f3rnarskr\u00e1 samhli\u00f0a forsetakosningum. \u00dej\u00f3\u00f0in hefur \u00feegar kosi\u00f0 um \u00feau atri\u00f0i sem Bjarni vill kj\u00f3sa um.<\/p>\n<p><strong>Sporin hr\u00e6\u00f0a<\/strong><\/p>\n<p>\u00cd s\u00ed\u00f0ustu viku skrifa\u00f0i Bjarni Benediktsson fj\u00e1rm\u00e1lar\u00e1\u00f0herra grein \u00ed Morgunbla\u00f0i\u00f0 \u00fear sem hann lag\u00f0i til a\u00f0 kosi\u00f0 yr\u00f0i um breytingar \u00e1 stj\u00f3rnarskr\u00e1nni samhli\u00f0a forsetakosningunum \u00e1 n\u00e6sta \u00e1ri. \u00c1 me\u00f0al \u00feess sem hann vill a\u00f0 ver\u00f0i kosi\u00f0 um \u00e1kv\u00e6\u00f0i sem l\u00fdsa au\u00f0lindir \u00ed n\u00e1tt\u00faru \u00cdslands \u00fej\u00f3\u00f0raeign, \u00fej\u00f3\u00f0aratkv\u00e6\u00f0agrei\u00f0slu og takmarka\u00f0 framsal valdheimilda til al\u00fej\u00f3\u00f0astofnana. Allt eru \u00feetta atri\u00f0i sem voru \u00ed till\u00f6gum stj\u00f3rnlagar\u00e1\u00f0s, sem 64 pr\u00f3sent landsmanna sam\u00feykktu a\u00f0 byggja \u00e1 \u00e1ri\u00f0 2012. Um\u00a0 32 pr\u00f3sent greiddu atkv\u00e6\u00f0i \u00e1 m\u00f3ti.<\/p>\n<p>\u201eVi\u00f0 r\u00e6ddum \u00fea\u00f0 \u00ed stj\u00f3rnlagar\u00e1\u00f0i hvort \u00fea\u00f0 \u00e6tti a\u00f0 stigaskipta \u00feessu og taka nokkur atri\u00f0i fyrir \u00ed einu. Vi\u00f0 \u00f3ttu\u00f0umst a\u00f0 ef vi\u00f0 t\u00e6kjum einhver f\u00e1 en mikilv\u00e6g atri\u00f0i fyrst fyrir \u00fe\u00e1 yr\u00f0i ekkert meira gert. \u00dea\u00f0 hefur veri\u00f0 krafa um \u00fea\u00f0 allt fr\u00e1 l\u00fd\u00f0veldisstofnun a\u00f0 taka stj\u00f3rnarskr\u00e1na \u00ed heild til endursko\u00f0unar.<\/p>\n<p>\u00dear me\u00f0 er \u00e9g ekki a\u00f0 segja a\u00f0 \u00fea\u00f0 \u00feurfi a\u00f0 fleygja n\u00faverandi stj\u00f3rnarskr\u00e1, s\u00ed\u00f0ur en svo. \u00c9g held a\u00f0 vi\u00f0 h\u00f6fum haldi\u00f0 \u00ed megni\u00f0 af \u00e1kv\u00e6\u00f0um gildandi stj\u00f3rnarskr\u00e1r. Vi\u00f0 breyttum or\u00f0alagi og r\u00f6\u00f0 sum sta\u00f0ar, en kjarninn \u00ed stj\u00f3rnarskr\u00e1nni er s\u00e1 hinn sami, me\u00f0 mikilv\u00e6gum breytingum \u00fe\u00f3. Eins og um au\u00f0lindarm\u00e1lin og kosningam\u00e1l, jafnv\u00e6gi atkv\u00e6\u00f0a, pers\u00f3nukj\u00f6r og fleira sl\u00edkt og svo um \u00fej\u00f3\u00f0aratkv\u00e6\u00f0agrei\u00f0slu.<\/p>\n<p><strong>\u201eAllir vita a\u00f0 l\u00f6gfr\u00e6\u00f0ingar tortryggja hugtaki\u00f0 \u00fej\u00f3\u00f0areign og t\u00falka \u00fea\u00f0 \u00fat og su\u00f0ur.\u201c\u00a0<\/strong><\/p>\n<p>Bjarni t\u00fdnir til nokkur atri\u00f0i og vill kj\u00f3sa um \u00feau. \u00dea\u00f0 er vir\u00f0ingarvert og betra en ekkert. \u00deegar stj\u00f3rnm\u00e1lamenn segja hins vegar a\u00f0 \u00fea\u00f0 s\u00e9 samsta\u00f0a \u00e1 me\u00f0al \u00feeirra um a\u00f0 \u00fea\u00f0 eigi a\u00f0 koma \u00e1kv\u00e6\u00f0i um au\u00f0lindir \u00ed almannaeigu \u00ed stj\u00f3rnarskr\u00e1nna \u00fe\u00e1 er ekki sama hvernig \u00fea\u00f0 er gert. \u00dea\u00f0 er gangslaust a\u00f0 segja bara \u00ed stj\u00f3rnarskr\u00e1nni a\u00f0 au\u00f0lindir s\u00e9u \u00ed eigu \u00fej\u00f3\u00f0arinnar ef \u00fev\u00ed fylgir ekkert meira. Allir vita a\u00f0 l\u00f6gfr\u00e6\u00f0ingar tortryggja hugtaki\u00f0 \u00fej\u00f3\u00f0areign og t\u00falka \u00fea\u00f0 \u00fat og su\u00f0ur.<\/p>\n<p>\u00deannig a\u00f0 vi\u00f0 \u00ed stj\u00f3rnlagar\u00e1\u00f0i l\u00f6g\u00f0um r\u00edka \u00e1herslu \u00e1 a\u00f0 \u00fea\u00f0 yr\u00f0i a\u00f0 fylgja meira me\u00f0. \u00dea\u00f0 yr\u00f0i a\u00f0 vera innihald \u00ed \u00fev\u00ed \u00e1kv\u00e6\u00f0i. Bjarni nefndi \u00fea\u00f0 ekki \u00ed sinni bla\u00f0agrein, en vi\u00f0 skulum sj\u00e1 til. \u00dea\u00f0 er allavega gott a\u00f0 m\u00e1li\u00f0 s\u00e9 \u00ed umr\u00e6\u00f0u en sporin hr\u00e6\u00f0a.<\/p>\n<p>\u00c9g man ekki hva\u00f0 \u00feessi n\u00faverandi \u00feingkj\u00f6rna stj\u00f3rnarskr\u00e1rnefnd er \u00ed r\u00f6\u00f0inni, \u00e9g held a\u00f0 \u00fe\u00e6r nefndir fari ekki a\u00f0 n\u00e1lgast tuginn fr\u00e1 l\u00fd\u00f0veldisstofnun og engar till\u00f6gur hafa n\u00e1\u00f0 fram a\u00f0 ganga. J\u00fa, stj\u00f3rnarskr\u00e1nni hefur veri\u00f0 breytt, fyrst og fremst til a\u00f0 laga kosningakerfi\u00f0 a\u00f0 breyttu \u00edb\u00faamynstri og svo kom mannr\u00e9ttinda\u00e1kv\u00e6\u00f0i inn \u00e1ri\u00f0 1995, en \u00fea\u00f0 hefur engin heildarendursko\u00f0un fari fram.<\/p>\n<p>\u00c9g \u00f3ska \u00feessari starfandi nefnd alls g\u00f3\u00f0s en \u00f3neitanlega er ma\u00f0ur hr\u00e6ddur um a\u00f0 \u00e1rangurinn ver\u00f0i heldur r\u00fdr. St\u00f3ru vonbrig\u00f0in voru a\u00f0 ni\u00f0urst\u00f6\u00f0ur stj\u00f3rnlagar\u00e1\u00f0s hafa algj\u00f6rlega daga\u00f0 uppi.\u201c<\/p>\n<p>&nbsp;<\/p>\n","protected":false},"excerpt":{"rendered":"<p>[Eftirfarandi pistill me\u00f0 vi\u00f0tali birtist \u00e1 vefmi\u00f0linum Stundin 31. ma\u00ed\u00a02015. Hann er h\u00e9r endurbirtur \u00e1n mynda, en skjali\u00f0 me\u00f0 myndum m\u00e1 finna \u00e1 Vi\u00f0tal vi\u00f0 \u00deH \u00e1 Stundinni] Undirskriftars\u00f6fnun fari\u00f0 fram \u00far bj\u00f6rtustu vonum, segir \u00deorkell Helgason pr\u00f3fessor. \u201eSt\u00f3ru vonbrig\u00f0in voru a\u00f0 ni\u00f0urst\u00f6\u00f0ur stj\u00f3rnlagar\u00e1\u00f0s hafa algj\u00f6rlega daga\u00f0 uppi.\u201c Fr\u00e9ttir ma\u00ed 2015,\u00a0kl. 18:15 Ingibj\u00f6rg D\u00f6gg Kjartansd\u00f3ttir [&hellip;]<\/p>\n","protected":false},"author":1,"featured_media":0,"comment_status":"open","ping_status":"open","sticky":false,"template":"","format":"standard","meta":{"_et_pb_use_builder":"","_et_pb_old_content":"","_et_gb_content_width":"","footnotes":""},"categories":[1],"tags":[79,18,85,53],"class_list":["post-2247","post","type-post","status-publish","format-standard","hentry","category-eigin-vefsida","tag-althingi","tag-fiskveidistjornun","tag-stundin","tag-tillogur-stjornlagarads"],"_links":{"self":[{"href":"https:\/\/thorkellhelgason.is\/index.php?rest_route=\/wp\/v2\/posts\/2247","targetHints":{"allow":["GET"]}}],"collection":[{"href":"https:\/\/thorkellhelgason.is\/index.php?rest_route=\/wp\/v2\/posts"}],"about":[{"href":"https:\/\/thorkellhelgason.is\/index.php?rest_route=\/wp\/v2\/types\/post"}],"author":[{"embeddable":true,"href":"https:\/\/thorkellhelgason.is\/index.php?rest_route=\/wp\/v2\/users\/1"}],"replies":[{"embeddable":true,"href":"https:\/\/thorkellhelgason.is\/index.php?rest_route=%2Fwp%2Fv2%2Fcomments&post=2247"}],"version-history":[{"count":4,"href":"https:\/\/thorkellhelgason.is\/index.php?rest_route=\/wp\/v2\/posts\/2247\/revisions"}],"predecessor-version":[{"id":2253,"href":"https:\/\/thorkellhelgason.is\/index.php?rest_route=\/wp\/v2\/posts\/2247\/revisions\/2253"}],"wp:attachment":[{"href":"https:\/\/thorkellhelgason.is\/index.php?rest_route=%2Fwp%2Fv2%2Fmedia&parent=2247"}],"wp:term":[{"taxonomy":"category","embeddable":true,"href":"https:\/\/thorkellhelgason.is\/index.php?rest_route=%2Fwp%2Fv2%2Fcategories&post=2247"},{"taxonomy":"post_tag","embeddable":true,"href":"https:\/\/thorkellhelgason.is\/index.php?rest_route=%2Fwp%2Fv2%2Ftags&post=2247"}],"curies":[{"name":"wp","href":"https:\/\/api.w.org\/{rel}","templated":true}]}}