{"id":2266,"date":"2015-06-15T20:30:47","date_gmt":"2015-06-15T20:30:47","guid":{"rendered":"http:\/\/thorkellhelgason.is\/?p=2266"},"modified":"2015-06-16T13:06:56","modified_gmt":"2015-06-16T13:06:56","slug":"staksteinar-villa-um-fyrir-folki-og-forseta","status":"publish","type":"post","link":"https:\/\/thorkellhelgason.is\/?p=2266","title":{"rendered":"Staksteinar villa um fyrir f\u00f3lki og forseta"},"content":{"rendered":"<p><em>[Birtist \u00ed Morgunbla\u00f0inu 12. j\u00fan\u00ed 2015.]<\/em><\/p>\n<p>\u00cd Staksteinum Morgunbla\u00f0sins 9. j\u00fan\u00ed sl. er spj\u00f3tum beint a\u00f0 undirskriftas\u00f6fnuninni \u00dej\u00f3\u00f0areign.is \u00fear sem skora\u00f0 er \u00e1 forsetann \u201ea\u00f0 v\u00edsa \u00ed \u00fej\u00f3\u00f0aratkv\u00e6\u00f0agrei\u00f0slu hverjum \u00feeim l\u00f6gum sem Al\u00feingi sam\u00feykkir \u00fear sem fiskvei\u00f0iau\u00f0lindum er r\u00e1\u00f0stafa\u00f0 til lengri t\u00edma en eins \u00e1rs \u00e1 me\u00f0an ekkert \u00e1kv\u00e6\u00f0i um \u00fej\u00f3\u00f0areign \u00e1 au\u00f0lindum hefur veri\u00f0 sett \u00ed stj\u00f3rnarskr\u00e1 og \u00fej\u00f3\u00f0inni ekki veri\u00f0 tryggt fullt gjald fyrir afnot \u00feeirra.\u201c Auk hef\u00f0bundinnar aulafyndni \u00ed \u00feessum ritstj\u00f3rnard\u00e1lki er fari\u00f0 me\u00f0 rangf\u00e6rslur.<\/p>\n<p>\u00cd fyrsta lagi segir \u00ed Staksteinum: \u201e\u00dea\u00f0 er of seint a\u00f0 skora \u00e1 forsetann a\u00f0 skrifa ekki undir \u2026 frumvarp [um makr\u00edlkv\u00f3ta], \u00fev\u00ed a\u00f0 \u00fea\u00f0 er hann b\u00fainn a\u00f0 gera fyrir l\u00f6ngu, ella hef\u00f0i \u00fea\u00f0 ekki or\u00f0i\u00f0 stj\u00f3rnarfrumvarp.\u201c S\u00fa undirskrift forseta sem h\u00e9r um r\u00e6\u00f0ir er formsatri\u00f0i og hefur forseti enga heimild til a\u00f0 inna hana ekki af hendi. Auk \u00feess birtast stj\u00f3rnarfrumv\u00f6rp ekki almenningi fyrr en eftir a\u00f0 forseti hefur skrifa\u00f0 undir framlagningu \u00feeirra en \u00fe\u00e1 v\u00e6ri \u00e1skorun \u00e1 forsetann um a\u00f0 gera \u00fea\u00f0 ekki of seint \u00e1 fer\u00f0inni.<\/p>\n<p>\u00de\u00e1 segir: \u201eOg of snemmt er a\u00f0 senda \u00e1skorun um l\u00f6gin, \u00fev\u00ed fyrst \u00fearf a\u00f0 sam\u00feykkja \u00feau og birta \u2026 og \u00fe\u00e1 fyrst geta menn hafi\u00f0 \u00e1skoranir.\u201c Fr\u00e1 sam\u00feykkt frumvarps \u00e1 Al\u00feingi og \u00fear til forseti skrifar undir l\u00ed\u00f0a oft ekki nema klukkustundir, \u00ed mesta lagi dagar. \u00dea\u00f0 gefur \u00fev\u00ed auga lei\u00f0 a\u00f0 undirskriftas\u00f6fnun \u00e1 \u00feeim \u00f6rt\u00edma er \u00f3framkv\u00e6manleg enda hefur alltaf veri\u00f0 hafist handa vi\u00f0 undirskriftir af \u00feessu tagi me\u00f0an m\u00e1l eru enn \u00ed umfj\u00f6llun Al\u00feingis.<\/p>\n<p>Samkv\u00e6mt 26. gr. stj\u00f3rnarskr\u00e1rinnar getur forseti hafna\u00f0 \u00fev\u00ed a\u00f0 undirskrifa l\u00f6g fr\u00e1 Al\u00feingi, en \u00fev\u00ed fylgir ekki heimild til a\u00f0 neita a\u00f0 undirrita framlagningu stj\u00f3rnarfrumvarpa. Enda hefur n\u00faverandi forseti me\u00f0 undirskrift sinni sta\u00f0i\u00f0 a\u00f0 framlagningu \u00feeirra \u00feriggja stj\u00f3rnarfrumvarpa (um fj\u00f6lmi\u00f0la og tv\u00f6 um Icesave) sem hann s\u00ed\u00f0an neita\u00f0i a\u00f0 sta\u00f0festa sem l\u00f6g fr\u00e1 Al\u00feingi og lag\u00f0i \u00fev\u00ed \u00ed d\u00f3m \u00fej\u00f3\u00f0arinnar.<\/p>\n<p>Hva\u00f0a tilgangi \u00fej\u00f3na \u00feessar blekkingar \u00ed Staksteinum? Er veri\u00f0 a\u00f0 f\u00e6la f\u00f3lk fr\u00e1 \u00fev\u00ed a\u00f0 skrifa undir \u00e1skorunina me\u00f0 r\u00f6ngum uppl\u00fdsingum? E\u00f0a er \u00e6tlunin a\u00f0 v\u00e6na forsetann um tv\u00edskinnung ef hann, nau\u00f0beyg\u00f0ur e\u00f0a ekki, fellst \u00e1 framlagningu frumvarps en neitar s\u00ed\u00f0an a\u00f0 skrifa undir \u00feegar frumvarpi\u00f0 er or\u00f0i\u00f0 a\u00f0 l\u00f6gum fr\u00e1 Al\u00feingi?<\/p>\n<p style=\"text-align: right;\"><em>H\u00f6fundur er einn af a\u00f0standendum undirskriftas\u00f6fnunarinnar \u00dej\u00f3\u00f0areign.is<\/em><\/p>\n","protected":false},"excerpt":{"rendered":"<p>[Birtist \u00ed Morgunbla\u00f0inu 12. j\u00fan\u00ed 2015.] \u00cd Staksteinum Morgunbla\u00f0sins 9. j\u00fan\u00ed sl. er spj\u00f3tum beint a\u00f0 undirskriftas\u00f6fnuninni \u00dej\u00f3\u00f0areign.is \u00fear sem skora\u00f0 er \u00e1 forsetann \u201ea\u00f0 v\u00edsa \u00ed \u00fej\u00f3\u00f0aratkv\u00e6\u00f0agrei\u00f0slu hverjum \u00feeim l\u00f6gum sem Al\u00feingi sam\u00feykkir \u00fear sem fiskvei\u00f0iau\u00f0lindum er r\u00e1\u00f0stafa\u00f0 til lengri t\u00edma en eins \u00e1rs \u00e1 me\u00f0an ekkert \u00e1kv\u00e6\u00f0i um \u00fej\u00f3\u00f0areign \u00e1 au\u00f0lindum hefur veri\u00f0 [&hellip;]<\/p>\n","protected":false},"author":1,"featured_media":0,"comment_status":"open","ping_status":"open","sticky":false,"template":"","format":"standard","meta":{"_et_pb_use_builder":"","_et_pb_old_content":"","_et_gb_content_width":"","footnotes":""},"categories":[1],"tags":[79,18,23,27],"class_list":["post-2266","post","type-post","status-publish","format-standard","hentry","category-eigin-vefsida","tag-althingi","tag-fiskveidistjornun","tag-forsetinn","tag-morgunbladid"],"_links":{"self":[{"href":"https:\/\/thorkellhelgason.is\/index.php?rest_route=\/wp\/v2\/posts\/2266","targetHints":{"allow":["GET"]}}],"collection":[{"href":"https:\/\/thorkellhelgason.is\/index.php?rest_route=\/wp\/v2\/posts"}],"about":[{"href":"https:\/\/thorkellhelgason.is\/index.php?rest_route=\/wp\/v2\/types\/post"}],"author":[{"embeddable":true,"href":"https:\/\/thorkellhelgason.is\/index.php?rest_route=\/wp\/v2\/users\/1"}],"replies":[{"embeddable":true,"href":"https:\/\/thorkellhelgason.is\/index.php?rest_route=%2Fwp%2Fv2%2Fcomments&post=2266"}],"version-history":[{"count":2,"href":"https:\/\/thorkellhelgason.is\/index.php?rest_route=\/wp\/v2\/posts\/2266\/revisions"}],"predecessor-version":[{"id":2268,"href":"https:\/\/thorkellhelgason.is\/index.php?rest_route=\/wp\/v2\/posts\/2266\/revisions\/2268"}],"wp:attachment":[{"href":"https:\/\/thorkellhelgason.is\/index.php?rest_route=%2Fwp%2Fv2%2Fmedia&parent=2266"}],"wp:term":[{"taxonomy":"category","embeddable":true,"href":"https:\/\/thorkellhelgason.is\/index.php?rest_route=%2Fwp%2Fv2%2Fcategories&post=2266"},{"taxonomy":"post_tag","embeddable":true,"href":"https:\/\/thorkellhelgason.is\/index.php?rest_route=%2Fwp%2Fv2%2Ftags&post=2266"}],"curies":[{"name":"wp","href":"https:\/\/api.w.org\/{rel}","templated":true}]}}