{"id":2363,"date":"2016-01-17T13:06:08","date_gmt":"2016-01-17T13:06:08","guid":{"rendered":"http:\/\/thorkellhelgason.is\/?p=2363"},"modified":"2018-02-08T20:12:20","modified_gmt":"2018-02-08T20:12:20","slug":"greining-a-uthlutun-thingsaeta-eftir-althingiskosningarnar-27-april-2013","status":"publish","type":"post","link":"https:\/\/thorkellhelgason.is\/?p=2363","title":{"rendered":"Greining \u00e1 \u00fathlutun \u00feings\u00e6ta eftir al\u00feingiskosningarnar 27. apr\u00edl 2013"},"content":{"rendered":"<p>\u00cd \u00feessari greinarger\u00f0 er fjalla\u00f0 um \u00farslit kosninga til Al\u00feingis, sem f\u00f3ru fram 27. apr\u00edl 2013, og um \u00fathlutun \u00feings\u00e6ta.<\/p>\n<p>\u00c1\u00f0ur hafa birst greinarger\u00f0ir af \u00feessu tagi um \u00feingkosningarnar 2003,\u00a02007 og 2009 en allar \u00feessar kosningar byggjast \u00e1 n\u00fdjum stj\u00f3rnarskr\u00e1r- og laga\u00e1kv\u00e6\u00f0um um kosningar til Al\u00feingis fr\u00e1 s\u00ed\u00f0ustu aldam\u00f3tum.<\/p>\n<p style=\"text-align: center;\"><em><a href=\"https:\/\/thorkellhelgason.is\/wp-content\/uploads\/2016\/01\/Greining2013.pdf\" rel=\"\">\u00de\u00fa getur lesi\u00f0 greinina \u00ed pdf me\u00f0 \u00fev\u00ed a\u00f0 smella h\u00e9r<\/a><\/em><\/p>\n","protected":false},"excerpt":{"rendered":"<p>\u00cd \u00feessari greinarger\u00f0 er fjalla\u00f0 um \u00farslit kosninga til Al\u00feingis, sem f\u00f3ru fram 27. apr\u00edl 2013, og um \u00fathlutun \u00feings\u00e6ta. \u00c1\u00f0ur hafa birst greinarger\u00f0ir af \u00feessu tagi um \u00feingkosningarnar 2003,\u00a02007 og 2009 en allar \u00feessar kosningar byggjast \u00e1 n\u00fdjum stj\u00f3rnarskr\u00e1r- og laga\u00e1kv\u00e6\u00f0um um kosningar til Al\u00feingis fr\u00e1 s\u00ed\u00f0ustu aldam\u00f3tum. \u00de\u00fa getur lesi\u00f0 greinina \u00ed pdf [&hellip;]<\/p>\n","protected":false},"author":1,"featured_media":0,"comment_status":"open","ping_status":"open","sticky":false,"template":"","format":"standard","meta":{"_et_pb_use_builder":"","_et_pb_old_content":"","_et_gb_content_width":"","footnotes":""},"categories":[1],"tags":[8,60],"class_list":["post-2363","post","type-post","status-publish","format-standard","hentry","category-eigin-vefsida","tag-althingiskosningar","tag-landskjorstjorn-2"],"_links":{"self":[{"href":"https:\/\/thorkellhelgason.is\/index.php?rest_route=\/wp\/v2\/posts\/2363","targetHints":{"allow":["GET"]}}],"collection":[{"href":"https:\/\/thorkellhelgason.is\/index.php?rest_route=\/wp\/v2\/posts"}],"about":[{"href":"https:\/\/thorkellhelgason.is\/index.php?rest_route=\/wp\/v2\/types\/post"}],"author":[{"embeddable":true,"href":"https:\/\/thorkellhelgason.is\/index.php?rest_route=\/wp\/v2\/users\/1"}],"replies":[{"embeddable":true,"href":"https:\/\/thorkellhelgason.is\/index.php?rest_route=%2Fwp%2Fv2%2Fcomments&post=2363"}],"version-history":[{"count":2,"href":"https:\/\/thorkellhelgason.is\/index.php?rest_route=\/wp\/v2\/posts\/2363\/revisions"}],"predecessor-version":[{"id":2369,"href":"https:\/\/thorkellhelgason.is\/index.php?rest_route=\/wp\/v2\/posts\/2363\/revisions\/2369"}],"wp:attachment":[{"href":"https:\/\/thorkellhelgason.is\/index.php?rest_route=%2Fwp%2Fv2%2Fmedia&parent=2363"}],"wp:term":[{"taxonomy":"category","embeddable":true,"href":"https:\/\/thorkellhelgason.is\/index.php?rest_route=%2Fwp%2Fv2%2Fcategories&post=2363"},{"taxonomy":"post_tag","embeddable":true,"href":"https:\/\/thorkellhelgason.is\/index.php?rest_route=%2Fwp%2Fv2%2Ftags&post=2363"}],"curies":[{"name":"wp","href":"https:\/\/api.w.org\/{rel}","templated":true}]}}