{"id":264,"date":"2006-12-01T12:00:59","date_gmt":"2006-12-01T12:00:59","guid":{"rendered":"http:\/\/thorkellhelgason.is\/?p=264"},"modified":"2016-03-24T12:35:48","modified_gmt":"2016-03-24T12:35:48","slug":"minnisbla%c3%b0-til-stjornarskrarnefndar-um-a%c3%b0fer%c3%b0ir-vi%c3%b0-kjor-forseta-islands","status":"publish","type":"post","link":"https:\/\/thorkellhelgason.is\/?p=264","title":{"rendered":"Minnisbla\u00f0 til stj\u00f3rnarskr\u00e1rnefndar 2005 um a\u00f0fer\u00f0ir vi\u00f0 kj\u00f6r forseta \u00cdslands"},"content":{"rendered":"<p><em>[\u00c9g sendi stj\u00f3rnarskr\u00e1rnefnd \u00feeirri sem skipu\u00f0 var 2005 minnisbla\u00f0 sem h\u00e9r m\u00e1 lesa.]<\/em><\/p>\n<p>Minnisbla\u00f0i\u00f0 hefst \u00feannig:<\/p>\n<p>\u00c1kv\u00e6\u00f0i um kj\u00f6r forseta \u00cdslands er a\u00f0 finna \u00ed 5. gr. stj\u00f3rnarskr\u00e1 l\u00fd\u00f0veldisins \u00cdslands, en \u00fear segir:<br \/>\n<em>Forseti skal kj\u00f6rinn beinum, leynilegum kosningum af \u00feeim, er kosningarr\u00e9tt<br \/>\nhafa til Al\u00feingis. Forsetaefni skal hafa me\u00f0m\u00e6li minnst 1500 kosningarb\u00e6rra<br \/>\nmanna og mest 3000. S\u00e1, sem flest f\u00e6r atkv\u00e6\u00f0i, ef fleiri en einn eru \u00ed kj\u00f6ri, er<br \/>\nr\u00e9tt kj\u00f6rinn forseti. Ef a\u00f0eins einn ma\u00f0ur er \u00ed kj\u00f6ri, \u00fe\u00e1 er hann r\u00e9tt kj\u00f6rinn \u00e1n<br \/>\natkv\u00e6\u00f0agrei\u00f0slu.<\/em><br \/>\nSamkv\u00e6mt \u00feessu fyrirkomulagi, einfaldri meirihlutakosningu, getur \u00fea\u00f0 h\u00e6glega gerst a\u00f0 forseti n\u00e1i kj\u00f6ri \u00e1n \u00feess a\u00f0 f\u00e1 hreinan meirihlutanatkv\u00e6\u00f0a, hva\u00f0 \u00fe\u00e1 a\u00f0 hann nj\u00f3ti stu\u00f0nings meirihluta kj\u00f3senda. Eins og fram kemur \u00ed 1. og 2. t\u00f6flu hafa tveir s\u00ed\u00f0ustu forsetarl\u00fd\u00f0veldisins ekki veri\u00f0 kosnir me\u00f0 meirihluta atkv\u00e6\u00f0a a\u00f0 baki s\u00e9r \u00feegar \u00feeir voru kosnir \u00ed fyrsta sinn.<\/p>\n<p style=\"text-align: center;\"><a href=\"https:\/\/thorkellhelgason.is\/wp-content\/uploads\/2006\/12\/Forsetakj\u00f6rIVlei\u00f0r\u00e9tt.pdf\" rel=\"\">\u00de\u00fa getur lesi\u00f0 greinina \u00ed heild\u00a0me\u00f0 \u00fev\u00ed a\u00f0 smella h\u00e9r<\/a><\/p>\n","protected":false},"excerpt":{"rendered":"<p>[\u00c9g sendi stj\u00f3rnarskr\u00e1rnefnd \u00feeirri sem skipu\u00f0 var 2005 minnisbla\u00f0 sem h\u00e9r m\u00e1 lesa.] Minnisbla\u00f0i\u00f0 hefst \u00feannig: \u00c1kv\u00e6\u00f0i um kj\u00f6r forseta \u00cdslands er a\u00f0 finna \u00ed 5. gr. stj\u00f3rnarskr\u00e1 l\u00fd\u00f0veldisins \u00cdslands, en \u00fear segir: Forseti skal kj\u00f6rinn beinum, leynilegum kosningum af \u00feeim, er kosningarr\u00e9tt hafa til Al\u00feingis. Forsetaefni skal hafa me\u00f0m\u00e6li minnst 1500 kosningarb\u00e6rra manna og [&hellip;]<\/p>\n","protected":false},"author":1,"featured_media":0,"comment_status":"open","ping_status":"open","sticky":false,"template":"","format":"standard","meta":{"_et_pb_use_builder":"","_et_pb_old_content":"","_et_gb_content_width":"","footnotes":""},"categories":[1,30],"tags":[23,47],"class_list":["post-264","post","type-post","status-publish","format-standard","hentry","category-eigin-vefsida","category-blogg","tag-forsetinn","tag-nefnd-jons-kr"],"_links":{"self":[{"href":"https:\/\/thorkellhelgason.is\/index.php?rest_route=\/wp\/v2\/posts\/264","targetHints":{"allow":["GET"]}}],"collection":[{"href":"https:\/\/thorkellhelgason.is\/index.php?rest_route=\/wp\/v2\/posts"}],"about":[{"href":"https:\/\/thorkellhelgason.is\/index.php?rest_route=\/wp\/v2\/types\/post"}],"author":[{"embeddable":true,"href":"https:\/\/thorkellhelgason.is\/index.php?rest_route=\/wp\/v2\/users\/1"}],"replies":[{"embeddable":true,"href":"https:\/\/thorkellhelgason.is\/index.php?rest_route=%2Fwp%2Fv2%2Fcomments&post=264"}],"version-history":[{"count":14,"href":"https:\/\/thorkellhelgason.is\/index.php?rest_route=\/wp\/v2\/posts\/264\/revisions"}],"predecessor-version":[{"id":2443,"href":"https:\/\/thorkellhelgason.is\/index.php?rest_route=\/wp\/v2\/posts\/264\/revisions\/2443"}],"wp:attachment":[{"href":"https:\/\/thorkellhelgason.is\/index.php?rest_route=%2Fwp%2Fv2%2Fmedia&parent=264"}],"wp:term":[{"taxonomy":"category","embeddable":true,"href":"https:\/\/thorkellhelgason.is\/index.php?rest_route=%2Fwp%2Fv2%2Fcategories&post=264"},{"taxonomy":"post_tag","embeddable":true,"href":"https:\/\/thorkellhelgason.is\/index.php?rest_route=%2Fwp%2Fv2%2Ftags&post=264"}],"curies":[{"name":"wp","href":"https:\/\/api.w.org\/{rel}","templated":true}]}}