{"id":2662,"date":"2018-02-26T18:09:09","date_gmt":"2018-02-26T18:09:09","guid":{"rendered":"http:\/\/thorkellhelgason.is\/?p=2662"},"modified":"2018-02-26T18:09:09","modified_gmt":"2018-02-26T18:09:09","slug":"hugleidingar-um-stodu-stjornarskrarmalsins-i-kjolfar-fundar-stjornarskrarfelagsins-a-solon-21-feb-2018","status":"publish","type":"post","link":"https:\/\/thorkellhelgason.is\/?p=2662","title":{"rendered":"Huglei\u00f0ingar um st\u00f6\u00f0u stj\u00f3rnarskr\u00e1rm\u00e1lsins \u00ed kj\u00f6lfar fundar Stj\u00f3rnarskr\u00e1rf\u00e9lagsins \u00e1 S\u00f3lon 21. feb. 2018"},"content":{"rendered":"<p>\u00c9g s\u00e9 ekki til lands \u00ed stj\u00f3rnarskr\u00e1rm\u00e1linu \u00ed \u00feeim skilningi a\u00f0 n\u00fd stj\u00f3rnarskr\u00e1 bygg\u00f0 \u00e1 till\u00f6gu Stj\u00f3rnlagar\u00e1\u00f0s n\u00e1i fram a\u00f0 ganga \u00e1 m\u00ednum \u00e6vid\u00f6gum. Vera m\u00e1 a\u00f0 \u00feetta s\u00e9 svarts\u00fdni m\u00edn (gamals manns!). \u00c1 fundinum var bent \u00e1 a\u00f0 \u00fej\u00f3\u00f0in, e\u00f0a amk. st\u00f3r meirihluti hennar, l\u00fdsi sig n\u00fa sem fyrr f\u00fdsandi \u00feess a\u00f0 f\u00e1 n\u00fdja stj\u00f3rnarskr\u00e1. \u00deetta fer eftir \u00fev\u00ed hvernig spurt er, en \u00e9g vil \u00fe\u00f3 eins og j\u00e1systkin m\u00edn tr\u00faa \u00fev\u00ed a\u00f0 \u00fej\u00f3\u00f0in meini \u00feetta. \u00c1 sama t\u00edma k\u00fds \u00fej\u00f3\u00f0in n\u00fa sem fyrr flokka sem anna\u00f0 hvort eru berlega \u00e1 m\u00f3ti breytingum e\u00f0a segjast vilja breytingar, en meina samt ekkert me\u00f0 \u00fev\u00ed, eins og J\u00f3n \u00d3lafsson sag\u00f0i skilmerkilega \u00e1 fundinum.<\/p>\n<p><u>Hvernig er m\u00e1li\u00f0 statt n\u00fa?<\/u><\/p>\n<p>Allir \u00e1hugamenn um stj\u00f3rnarskr\u00e1rm\u00e1li\u00f0 vita \u00ed hva\u00f0a farveg m\u00e1li\u00f0 er komi\u00f0 hj\u00e1 n\u00faverandi r\u00edkisstj\u00f3rn. Enn ein nefndaskipunin og langt ferli me\u00f0 alls kyns farart\u00e1lmum. \u00dev\u00ed f\u00e1um vi\u00f0 ekki breytt og ver\u00f0um \u00fe\u00e1 a\u00f0 gera \u00fea\u00f0 upp vi\u00f0 samvisku okkar hvort vi\u00f0 eigum a\u00f0 fara \u00ed f\u00fdlu og agn\u00faast \u00fat \u00ed \u00fe\u00e1 sem n\u00fa fara me\u00f0 v\u00f6ldin. \u00dea\u00f0 hefur l\u00edtinn tilgang annan en a\u00f0 styrkja okkur \u00ed tr\u00fanni, en mun ekki hafa nein afgerandi \u00e1hrif \u00e1 framvinduna. Eins og Birgitta J\u00f3nsd\u00f3ttir nefndi r\u00e9ttilega \u00e1 umr\u00e6ddum fundi er \u00fea\u00f0 l\u00edka andst\u00e6tt markmi\u00f0um okkar og starfsh\u00e1ttum a\u00f0 \u00fath\u00fa\u00f0a \u00feingm\u00f6nnum og stj\u00f3rnm\u00e1lam\u00f6nnum og setja \u00fe\u00e1 alla undir sama hatt sem svikula \u00fej\u00f3\u00f0n\u00ed\u00f0inga, svo \u00e9g spari n\u00fa ekki or\u00f0in.<\/p>\n<p>Me\u00f0 sama h\u00e6tti var \u00fea\u00f0 ekki uppbyggilegt \u00feegar stj\u00f3rnlagar\u00e1\u00f0 haf\u00f0i skila\u00f0 till\u00f6gum s\u00ednum a\u00f0 heimta af Al\u00feingi, eins og sum okkar ger\u00f0u, a\u00f0 frumvarp r\u00e1\u00f0sins yr\u00f0i afgreitt skilm\u00e1lalaust, a\u00f0 ekki m\u00e6tti stafkr\u00f3k breyta, nema bara til a\u00f0 lei\u00f0r\u00e9tta ritvillur. \u00dea\u00f0 hleypti illu bl\u00f3\u00f0i \u00ed marga sem voru okkur \u00fe\u00f3 vinveittir. Sem betur fer ber n\u00fa minna \u00e1 \u00feessum sj\u00f3narmi\u00f0um. Allir vitna n\u00fa \u00ed \u00fea\u00f0 a\u00f0 \u00fej\u00f3\u00f0in sam\u00feykkti 2012 a\u00f0 leggja skuli till\u00f6gur stj\u00f3rnlagar\u00e1\u00f0s til <em>grundvallar<\/em> n\u00fdrri stj\u00f3rnarskr\u00e1, en ekki skjali\u00f0 \u00f3breytt.<\/p>\n<p>\u00dea\u00f0 er miki\u00f0 vatn runni\u00f0 til sj\u00e1var fr\u00e1 sumrinu 2011 \u00feegar r\u00e1\u00f0i\u00f0 skila\u00f0i af s\u00e9r og nokkur \u00f3bein pr\u00f3fun komin \u00e1 till\u00f6gur r\u00e1\u00f0sins. \u00c9g hygg a\u00f0 flest okkar sem s\u00e1tu \u00ed r\u00e1\u00f0inu g\u00e6tu bent \u00e1 atri\u00f0i, sem \u00feau studdu e\u00f0a unnu a\u00f0, sem m\u00e6tti eftir \u00e1 a\u00f0 hyggja or\u00f0a betur, \u00e1n \u00feess \u00fe\u00f3 hr\u00f3fla\u00f0 s\u00e9 vi\u00f0 \u201egrundvellinum\u201c. \u00deannig skal \u00e9g j\u00e1ta a\u00f0 \u00e1kv\u00e6\u00f0in um kosningar til Al\u00feingis, sem \u00e9g \u00e1tti st\u00f3ran \u00fe\u00e1tt \u00ed a\u00f0 m\u00f3ta, m\u00e6tti einfalda en halda samt \u00ed kjarna \u00feeirra: Jafnan kosningar\u00e9tt allra og pers\u00f3nukj\u00f6r a\u00f0 grunni til.<\/p>\n<p>En hver hefur umbo\u00f0 til a\u00f0 breyta till\u00f6gum stj\u00f3rnlagar\u00e1\u00f0s? Stj\u00f3rnskipulega s\u00e9\u00f0 enginn nema Al\u00feingi. Hvort sem okkur l\u00edkar \u00fea\u00f0 betur e\u00f0a ver, \u00fe\u00e1 liggur valdi\u00f0 \u00fear, ekki hj\u00e1 \u00fej\u00f3\u00f0inni \u2013 nema me\u00f0 leyfi Al\u00feingis. \u00cd \u00feessu lj\u00f3si ver\u00f0um vi\u00f0 a\u00f0 meta st\u00f6\u00f0u m\u00e1lsins n\u00fa. Fors\u00e6tisr\u00e1\u00f0herra \u00e6tlar a\u00f0 setja \u00e1 laggirnar fimm manna s\u00e9rfr\u00e6\u00f0inganefnd sem starfi undir yfirstj\u00f3rn formanna flokkanna sem s\u00e6ti eiga \u00e1 \u00feingi. Vi\u00f0 skulum vir\u00f0a \u00fea\u00f0 til m\u00e1lsb\u00f3ta a\u00f0 \u00feetta eru \u00fe\u00f3 <u>allir<\/u> flokksformenn, ekki a\u00f0eins formenn stj\u00f3rnarflokkanna. En vitaskuld mun \u00fea\u00f0 ver\u00f0a svo a\u00f0 stj\u00f3rnarflokkarnir munu r\u00e1\u00f0a fer\u00f0inni.<\/p>\n<p>\u00c1 margnefndum fundi Stj\u00f3rnarskr\u00e1rf\u00e9lagsins var m\u00f6nnum t\u00ed\u00f0r\u00e6tt um skipun fors\u00e6tisr\u00e1\u00f0herra \u00ed starf verkefnisstj\u00f3ra. \u00c9g \u00a0fagna \u00fev\u00ed a\u00f0 sett skuli sl\u00edk verkstj\u00f3rn. Hana skorti \u00ed \u00f6llu stj\u00f3rnarskr\u00e1rferlinu 2009-2013. Sl\u00edk stj\u00f3rnun hef\u00f0i \u00e1tt a\u00f0 vera \u00e1 vegum fors\u00e6tisr\u00e1\u00f0uneytisins en ekki \u00ed h\u00f6ndum \u00feingsins sem haf\u00f0i m\u00e1li\u00f0 ekki \u00ed s\u00ednum h\u00f6ndum fyrr en s\u00ed\u00f0ar. Vitaskuld hef\u00f0um vi\u00f0 helst vilja\u00f0 sj\u00e1 \u00ed \u00feessu mikilv\u00e6ga starfi einhvern fagmann sem allir g\u00e6tu treyst. N\u00fa, en kona var valin \u00far r\u00f6\u00f0um stj\u00f3rnm\u00e1lamanna, e\u00f0a fyrrverandi sl\u00edkra. \u00de\u00f3tt \u00e9g vilji for\u00f0ast a\u00f0 pers\u00f3nugera \u00feessi m\u00e1l, vil \u00e9g \u00fe\u00f3 l\u00e1ta \u00ed lj\u00f3s v\u00e6ntingar til \u00feeirrar konu sem valin var, Unnar Br\u00e1r Konr\u00e1\u00f0sd\u00f3ttur. \u00de\u00f3tt h\u00fan hafi \u00ed \u00feingr\u00e6\u00f0um gegnt meintum flokkskyldum s\u00ednum og fett fingur \u00fat \u00ed till\u00f6gur stj\u00f3rnlagar\u00e1\u00f0s hefur h\u00fan l\u00edka s\u00fdnt sj\u00e1lfst\u00e6\u00f0i \u00ed \u00feingst\u00f6rfum s\u00ednum sem og \u00ed st\u00f3l forseta Al\u00feingis. Hvernig v\u00e6ri a\u00f0 hvetja hana til d\u00e1\u00f0a, en jafnframt veita henni \u00f6flugt a\u00f0hald?<\/p>\n<p><u>Hva\u00f0 er til r\u00e1\u00f0a?<\/u><\/p>\n<p>M\u00f6rg \u00e1hugasamt\u00f6k, eins og Stj\u00f3rnarskr\u00e1rf\u00e9lagi\u00f0, hafa tilhneigingu til a\u00f0 leggjast \u00ed naflasko\u00f0un, a\u00f0 bo\u00f0a tr\u00fabo\u00f0 me\u00f0al hinna tr\u00fau\u00f0u. \u00dea\u00f0 \u00feokar m\u00e1linu l\u00edtt \u00e1fram a\u00f0 berja okkur \u00e1 brj\u00f3st og tala um hva\u00f0 till\u00f6gur stj\u00f3rnlagar\u00e1\u00f0s s\u00e9u g\u00f3\u00f0ur grundv\u00f6llur a\u00f0 traustri stj\u00f3rnarskr\u00e1 \u2013 sem \u00fe\u00e6r eru \u2013 en \u00fea\u00f0 sem standi vegi s\u00e9u ill \u00f6fl \u00e1 Al\u00feingi \u2013 sem er mikil einf\u00f6ldun. Vi\u00f0 ver\u00f0um a\u00f0 reyna a\u00f0 brei\u00f0a fagna\u00f0arerindi okkar \u00fat me\u00f0al almennings, skapa raunh\u00e6fan \u00fer\u00fdsting en veita \u00feeim \u00e1 \u00feingi og annars sta\u00f0ar, sem vinna a\u00f0 framgangi m\u00e1lsta\u00f0arins, stu\u00f0ning en l\u00edka a\u00f0hald. Vandinn er hvernig vi\u00f0 n\u00e1um a\u00f0 gera \u00feetta.<\/p>\n<p>H\u00e9r og n\u00fa liggur fyrir a\u00f0 \u00fejarma \u00fearf a\u00f0 fors\u00e6tisr\u00e1\u00f0herra og verkefnisstj\u00f3ranum en \u00e1 uppbyggilegan h\u00e1tt, svo sem me\u00f0 \u00fev\u00ed a\u00f0 greina minnisbla\u00f0 fors\u00e6tisr\u00e1\u00f0herra, gagnr\u00fdna \u00fea\u00f0 sem \u00fear er \u00e1m\u00e6lisvert, n\u00fa e\u00f0a bara flausturslegt. Og koma me\u00f0 uppbyggilegar till\u00f6gur. Ein sl\u00edk var nefnd \u00e1 fundinum, af Katr\u00ednu Oddsd\u00f3ttir formanni Stj\u00f3rnarskr\u00e1rf\u00e9lagsins. H\u00fan lag\u00f0i til a\u00f0 fyrsta verkefni\u00f0 \u00ed endursko\u00f0un stj\u00f3rnarskr\u00e1rinnar yr\u00f0i a\u00f0 endursko\u00f0a \u00e1kv\u00e6\u00f0i 79. gr. n\u00fagildandi stj\u00f3rnarkr\u00e1 um hvernig henni megi breyta. Breytt eigi \u00e1kve\u00f0i\u00f0 a\u00f0 kve\u00f0a \u00e1 um a\u00f0 \u00fej\u00f3\u00f0aratkv\u00e6\u00f0agrei\u00f0sla skuli \u00e1vallt fara fram um breytingar \u00e1 stj\u00f3rnarskr\u00e1. R\u00f6k Katr\u00ednar eru g\u00f3\u00f0 og gild. Me\u00f0 \u00fev\u00ed a\u00f0 ganga fyrst fr\u00e1 \u00feessu \u00e1kv\u00e6\u00f0i s\u00e9 stj\u00f3rnarmeirihlutinn neyddur til a\u00f0 vi\u00f0urkenna lokavald \u00fej\u00f3\u00f0arinnar.<\/p>\n<p>En \u00fea\u00f0 er alls ekki sama hvernig n\u00fdtt breytingar\u00e1kv\u00e6\u00f0i er. \u00dea\u00f0 sem batt enda \u00e1 stj\u00f3rnarskr\u00e1rferli\u00f0 vori\u00f0 2013 var sam\u00feykkt \u00feingsins \u00e1 br\u00e1\u00f0abirg\u00f0a\u00e1kv\u00e6\u00f0i vi\u00f0 stj\u00f3rnarskr\u00e1na einmitt um \u00feetta atri\u00f0i. \u00dear var kve\u00f0i\u00f0 \u00e1 um \u00e1kv\u00e6\u00f0i til br\u00e1\u00f0abirg\u00f0a \u00feess efnis a\u00f0 stj\u00f3rnarskr\u00e1nni m\u00e6tti breyta \u00feannig a\u00f0 fyrst \u00feyrfti breytingin a\u00f0 vera sam\u00feykkt me\u00f0 2\/3 hlutum atkv\u00e6\u00f0a \u00e1 Al\u00feingi en s\u00ed\u00f0an a\u00f0 hlj\u00f3ta sam\u00feykki meiri hluta gildra atkv\u00e6\u00f0a \u00ed \u00fej\u00f3\u00f0aratkv\u00e6\u00f0agrei\u00f0slu, <u>\u00fe\u00f3<\/u> me\u00f0 atkv\u00e6\u00f0um minnst 40 af hundra\u00f0i allra kosningarb\u00e6rra manna. Ef \u00feetta \u00e1kv\u00e6\u00f0i hef\u00f0i veri\u00f0 sam\u00feykkt sem \u00f3t\u00edmabundi\u00f0 og eina \u00e1kv\u00e6\u00f0i\u00f0 um gildist\u00f6ku stj\u00f3rnarskr\u00e1rbreytinga hef\u00f0i minni hluti Al\u00feingis e\u00f0a \u00fej\u00f3\u00f0ar fengi\u00f0 neitunarvald. \u00de\u00e1 v\u00e6ri tr\u00falega t\u00f3mt m\u00e1l a\u00f0 tala um n\u00fa um heildarendursko\u00f0un stj\u00f3rnarskr\u00e1rinnar, nema \u00fe\u00e1 \u00ed einhverju bitlausu og \u00fat\u00feynntu formi. Sem sagt: \u201eA\u00f0g\u00e1t skal h\u00f6f\u00f0 \u00ed n\u00e6rveru afturhaldsaflanna\u201c svo a\u00f0 lagt s\u00e9 \u00fat af or\u00f0um langafa Katr\u00ednar formanns.<\/p>\n<p>(\u00deetta er rita\u00f0 25. febr\u00faar 2018)<\/p>\n","protected":false},"excerpt":{"rendered":"<p>\u00c9g s\u00e9 ekki til lands \u00ed stj\u00f3rnarskr\u00e1rm\u00e1linu \u00ed \u00feeim skilningi a\u00f0 n\u00fd stj\u00f3rnarskr\u00e1 bygg\u00f0 \u00e1 till\u00f6gu Stj\u00f3rnlagar\u00e1\u00f0s n\u00e1i fram a\u00f0 ganga \u00e1 m\u00ednum \u00e6vid\u00f6gum. Vera m\u00e1 a\u00f0 \u00feetta s\u00e9 svarts\u00fdni m\u00edn (gamals manns!). \u00c1 fundinum var bent \u00e1 a\u00f0 \u00fej\u00f3\u00f0in, e\u00f0a amk. st\u00f3r meirihluti hennar, l\u00fdsi sig n\u00fa sem fyrr f\u00fdsandi \u00feess a\u00f0 f\u00e1 n\u00fdja [&hellip;]<\/p>\n","protected":false},"author":1,"featured_media":0,"comment_status":"open","ping_status":"open","sticky":false,"template":"","format":"standard","meta":{"_et_pb_use_builder":"","_et_pb_old_content":"","_et_gb_content_width":"","footnotes":""},"categories":[1],"tags":[89,55],"class_list":["post-2662","post","type-post","status-publish","format-standard","hentry","category-eigin-vefsida","tag-stjornarskrarfelagid","tag-stjornarskrarmal"],"_links":{"self":[{"href":"https:\/\/thorkellhelgason.is\/index.php?rest_route=\/wp\/v2\/posts\/2662","targetHints":{"allow":["GET"]}}],"collection":[{"href":"https:\/\/thorkellhelgason.is\/index.php?rest_route=\/wp\/v2\/posts"}],"about":[{"href":"https:\/\/thorkellhelgason.is\/index.php?rest_route=\/wp\/v2\/types\/post"}],"author":[{"embeddable":true,"href":"https:\/\/thorkellhelgason.is\/index.php?rest_route=\/wp\/v2\/users\/1"}],"replies":[{"embeddable":true,"href":"https:\/\/thorkellhelgason.is\/index.php?rest_route=%2Fwp%2Fv2%2Fcomments&post=2662"}],"version-history":[{"count":1,"href":"https:\/\/thorkellhelgason.is\/index.php?rest_route=\/wp\/v2\/posts\/2662\/revisions"}],"predecessor-version":[{"id":2663,"href":"https:\/\/thorkellhelgason.is\/index.php?rest_route=\/wp\/v2\/posts\/2662\/revisions\/2663"}],"wp:attachment":[{"href":"https:\/\/thorkellhelgason.is\/index.php?rest_route=%2Fwp%2Fv2%2Fmedia&parent=2662"}],"wp:term":[{"taxonomy":"category","embeddable":true,"href":"https:\/\/thorkellhelgason.is\/index.php?rest_route=%2Fwp%2Fv2%2Fcategories&post=2662"},{"taxonomy":"post_tag","embeddable":true,"href":"https:\/\/thorkellhelgason.is\/index.php?rest_route=%2Fwp%2Fv2%2Ftags&post=2662"}],"curies":[{"name":"wp","href":"https:\/\/api.w.org\/{rel}","templated":true}]}}