{"id":2751,"date":"2019-01-18T17:38:58","date_gmt":"2019-01-18T17:38:58","guid":{"rendered":"http:\/\/thorkellhelgason.is\/?p=2751"},"modified":"2019-01-21T14:18:32","modified_gmt":"2019-01-21T14:18:32","slug":"lok-a-radgjafarstarfi-fyrir-landskjorstjorn","status":"publish","type":"post","link":"https:\/\/thorkellhelgason.is\/?p=2751","title":{"rendered":"Lok \u00e1 r\u00e1\u00f0gjafarstarfi fyrir landskj\u00f6rstj\u00f3rn"},"content":{"rendered":"<p>\u00c9g hef veri\u00f0 vi\u00f0ri\u00f0in kosningam\u00e1l allt fr\u00e1 \u00e1rinu 1982; fyrst sem st\u00e6r\u00f0fr\u00e6\u00f0ilegur r\u00e1\u00f0gjafi vi\u00f0 endursko\u00f0un \u00e1kv\u00e6\u00f0a um kosningar til Al\u00feingis, b\u00e6\u00f0i \u00e1 \u00e1rabilinu 1982-87 og aftur um og fyrir s.l. aldam\u00f3t. Jafnfram hef \u00e9g li\u00f0sinnt landskj\u00f6rstj\u00f3rn vi\u00f0 \u00fathlutun \u00feings\u00e6ta \u00ed \u00f6llum kosningum fr\u00e1 og me\u00f0 \u00feeim \u00e1ri\u00f0 1987 til og me\u00f0 \u00feeirra 2013.<\/p>\n<p>\u00deegar \u00e9g af aldurss\u00f6kum h\u00e6tti a\u00f0 \u00fej\u00f3nusta landskj\u00f6rstj\u00f3rn eftir \u00feingkosningarnar 2013 sendi \u00e9g henni e.k. kve\u00f0jubr\u00e9f sem mig langar a\u00f0 halda til haga einmitt n\u00fa (2019) \u00feegar endursko\u00f0un kosningalaga stendur fyrir dyrum. Br\u00e9fi\u00f0 var \u00feannig:<\/p>\n<h4><\/h4>\n<p style=\"padding-left: 30px;\">Til landskj\u00f6rstj\u00f3rnar.<\/p>\n<p style=\"padding-left: 30px;\">\u00c9g h\u00f3f afskipti af kosningam\u00e1lum hausti\u00f0 1982 en \u00fe\u00e1 var\u00f0 e.k. r\u00e1\u00f0gjafi flokksformanna sem \u00fe\u00e1 voru a\u00f0 undirb\u00faa breytingu \u00e1 \u00e1kv\u00e6\u00f0um um kosningar til Al\u00feingis. S\u00ed\u00f0an 1987 hef \u00e9g veri\u00f0 r\u00e1\u00f0gjafi landskj\u00f6rstj\u00f3rnar vi\u00f0 \u00fathlutun \u00feings\u00e6ta. N\u00fa er m\u00e1l a\u00f0 linni og b\u00fai\u00f0 er a\u00f0 finna traustan eftirmann minn. A\u00f0 v\u00edsu v\u00e6nti \u00e9g \u00feess a\u00f0 geta loki\u00f0 m\u00ednu starfi me\u00f0 heildargreiningu \u00e1 kosninga\u00farslitunum eins og \u00e9g hef gert \u00e1 \u00ferennum s\u00ed\u00f0ustu \u00feingkosningum.<\/p>\n<p style=\"padding-left: 30px;\">\u00c9g vil me\u00f0 br\u00e9fi \u00feessum \u00feakka landskj\u00f6rstj\u00f3rn, fyrr og s\u00ed\u00f0ar, fyrir einkar \u00e1n\u00e6gjulegt samstarf. En jafnframt vil \u00e9g me\u00f0 br\u00e9finu hvetja til a\u00f0 allt fyrirkomulag kosninga ver\u00f0i teki\u00f0 til endursko\u00f0unar. \u00dear er ekki \u00e1tt vi\u00f0 hina p\u00f3lit\u00edsku \u00fe\u00e1tta m\u00e1lsins heldur um framkv\u00e6mdina alla. Kosningal\u00f6g hafa ekki veri\u00f0 endursko\u00f0u\u00f0 \u00ed heild um afar langa hr\u00ed\u00f0. A\u00f0 hluta til m\u00e1 rekja \u00e1kv\u00e6\u00f0in \u00f6ld aftur \u00ed t\u00edmann, jafnvel lengur.<\/p>\n<p style=\"padding-left: 30px;\">\u00c9g hef kynnt m\u00e9r erlendar fyrirmyndir og r\u00e1\u00f0leggingar al\u00fej\u00f3\u00f0astofnana og er eindregi\u00f0 \u00feeirrar sko\u00f0unar a\u00f0 \u00fea\u00f0 eigi a\u00f0 vera einn lagab\u00e1lkur um allar kosningar og \u00fej\u00f3\u00f0aratkv\u00e6\u00f0agrei\u00f0slur, en vitaskuld me\u00f0 s\u00e9r\u00e1kv\u00e6\u00f0um um einstakar kosningar. Mikilv\u00e6gur \u00fe\u00e1ttur \u00ed \u00feeim l\u00f6gum \u00e6tti a\u00f0 vera a\u00f0 styrkja st\u00f6\u00f0u landskj\u00f6rstj\u00f3rnar og koma h\u00fasb\u00f3ndavaldinu \u00e1 eina h\u00f6nd, hj\u00e1 landskj\u00f6rstj\u00f3rn. Af erlendum fyrirmyndum vil \u00e9g s\u00e9rstaklega benda \u00e1 sl\u00edk heildarkosningal\u00f6g \u00ed Noregi.<\/p>\n<p style=\"padding-left: 30px;\">\u00cd kj\u00f6lfar endursko\u00f0unar er s\u00ed\u00f0an br\u00fdnt a\u00f0 endursko\u00f0a allt gagnafl\u00e6\u00f0i og gagnvinnslu og fella \u00feetta saman \u00ed eitt kerfi. \u00c1 me\u00f0f. fylgiskjali, \u201e<a href=\"https:\/\/thorkellhelgason.is\/wp-content\/uploads\/2019\/01\/Gagnafl\u00e6\u00f0i-vi\u00f0-\u00feingkosningar-2013.pdf\">Gagnafl\u00e6\u00f0i vi\u00f0 \u00feingkosningar 2013<\/a>\u201c , er \u00feetta s\u00fdnt fyrir n\u00fdli\u00f0nar kosningar.<\/p>\n<p style=\"padding-left: 30px;\">Eitt markmi\u00f0a me\u00f0 endurb\u00e6ttu fyrirkomulagi og heilst\u00e6\u00f0u gagnakerfi \u00e6tti a\u00f0 vera a\u00f0 l\u00e6kka kostna\u00f0 vi\u00f0 kosningar og \u00fej\u00f3\u00f0aratkv\u00e6\u00f0agrei\u00f0slur, enda vi\u00f0b\u00fai\u00f0 a\u00f0 \u00feeim muni fj\u00f6lga \u00e1 komandi \u00e1rum.<\/p>\n<p style=\"padding-left: 30px;\">Enda \u00fe\u00f3tt formlegu starfi m\u00ednu fyrir landskj\u00f6rstj\u00f3rn s\u00e9 a\u00f0 lj\u00faka er \u00e9g rei\u00f0ub\u00fainn til a\u00f0 lj\u00e1 \u00feessum endurb\u00f3tum li\u00f0, s\u00e9 eftir \u00fev\u00ed \u00f3ska\u00f0.<\/p>\n<p style=\"padding-left: 30px;\">Vir\u00f0ingarfyllst,<\/p>\n<p style=\"padding-left: 30px;\">(sign. \u00deorkell Helgason)<\/p>\n","protected":false},"excerpt":{"rendered":"<p>\u00c9g hef veri\u00f0 vi\u00f0ri\u00f0in kosningam\u00e1l allt fr\u00e1 \u00e1rinu 1982; fyrst sem st\u00e6r\u00f0fr\u00e6\u00f0ilegur r\u00e1\u00f0gjafi vi\u00f0 endursko\u00f0un \u00e1kv\u00e6\u00f0a um kosningar til Al\u00feingis, b\u00e6\u00f0i \u00e1 \u00e1rabilinu 1982-87 og aftur um og fyrir s.l. aldam\u00f3t. Jafnfram hef \u00e9g li\u00f0sinnt landskj\u00f6rstj\u00f3rn vi\u00f0 \u00fathlutun \u00feings\u00e6ta \u00ed \u00f6llum kosningum fr\u00e1 og me\u00f0 \u00feeim \u00e1ri\u00f0 1987 til og me\u00f0 \u00feeirra 2013. \u00deegar \u00e9g [&hellip;]<\/p>\n","protected":false},"author":1,"featured_media":0,"comment_status":"open","ping_status":"open","sticky":false,"template":"","format":"standard","meta":{"_et_pb_use_builder":"","_et_pb_old_content":"","_et_gb_content_width":"","footnotes":""},"categories":[1],"tags":[79,8,60],"class_list":["post-2751","post","type-post","status-publish","format-standard","hentry","category-eigin-vefsida","tag-althingi","tag-althingiskosningar","tag-landskjorstjorn-2"],"_links":{"self":[{"href":"https:\/\/thorkellhelgason.is\/index.php?rest_route=\/wp\/v2\/posts\/2751","targetHints":{"allow":["GET"]}}],"collection":[{"href":"https:\/\/thorkellhelgason.is\/index.php?rest_route=\/wp\/v2\/posts"}],"about":[{"href":"https:\/\/thorkellhelgason.is\/index.php?rest_route=\/wp\/v2\/types\/post"}],"author":[{"embeddable":true,"href":"https:\/\/thorkellhelgason.is\/index.php?rest_route=\/wp\/v2\/users\/1"}],"replies":[{"embeddable":true,"href":"https:\/\/thorkellhelgason.is\/index.php?rest_route=%2Fwp%2Fv2%2Fcomments&post=2751"}],"version-history":[{"count":7,"href":"https:\/\/thorkellhelgason.is\/index.php?rest_route=\/wp\/v2\/posts\/2751\/revisions"}],"predecessor-version":[{"id":2764,"href":"https:\/\/thorkellhelgason.is\/index.php?rest_route=\/wp\/v2\/posts\/2751\/revisions\/2764"}],"wp:attachment":[{"href":"https:\/\/thorkellhelgason.is\/index.php?rest_route=%2Fwp%2Fv2%2Fmedia&parent=2751"}],"wp:term":[{"taxonomy":"category","embeddable":true,"href":"https:\/\/thorkellhelgason.is\/index.php?rest_route=%2Fwp%2Fv2%2Fcategories&post=2751"},{"taxonomy":"post_tag","embeddable":true,"href":"https:\/\/thorkellhelgason.is\/index.php?rest_route=%2Fwp%2Fv2%2Ftags&post=2751"}],"curies":[{"name":"wp","href":"https:\/\/api.w.org\/{rel}","templated":true}]}}