{"id":2988,"date":"2024-01-29T16:26:59","date_gmt":"2024-01-29T16:26:59","guid":{"rendered":"https:\/\/thorkellhelgason.is\/?p=2988"},"modified":"2024-10-25T17:56:44","modified_gmt":"2024-10-25T17:56:44","slug":"kom-song-og-sigradi-agnes-thorsteins-sem-senta-i-rinarlandi","status":"publish","type":"post","link":"https:\/\/thorkellhelgason.is\/?p=2988","title":{"rendered":"Kom \u2013 s\u00f6ng \u2013 og sigra\u00f0i:  Agnes Thorsteins sem Senta \u00ed R\u00ednarlandi"},"content":{"rendered":"\n<p><\/p>\n\n\n\n<p><\/p>\n\n\n\n<figure class=\"wp-block-image size-full\"><a href=\"https:\/\/thorkellhelgason.is\/wp-content\/uploads\/2024\/01\/Senta.jpg\"><img loading=\"lazy\" decoding=\"async\" width=\"503\" height=\"377\" src=\"https:\/\/thorkellhelgason.is\/wp-content\/uploads\/2024\/01\/Senta-edited.jpg\" alt=\"\" class=\"wp-image-2993\" srcset=\"https:\/\/thorkellhelgason.is\/wp-content\/uploads\/2024\/01\/Senta-edited.jpg 503w, https:\/\/thorkellhelgason.is\/wp-content\/uploads\/2024\/01\/Senta-edited-300x225.jpg 300w\" sizes=\"(max-width: 503px) 100vw, 503px\" \/><\/a><figcaption>Lj\u00f3smynd: Matthias Stutte, Westdeutsche Zeitung<\/figcaption><\/figure>\n\n\n\n<p><\/p>\n\n\n\n<p><strong>\u201eAlles Senta!\u201c<\/strong><\/p>\n\n\n\n<p>\u00deannig var yfirskriftin \u00e1 gagnr\u00fdni \u00ed <em>Westdeutsche Zeitung<\/em> um frums\u00fdningu n\u00fdrrar uppf\u00e6rslu \u00e1 <em>Hollendingnum flj\u00fagandi<\/em> 21. jan. 2024 \u00ed borgarleikh\u00fasinu \u00ed Krefeld \u00ed \u00de\u00fdskalandi. Og strax \u00ed upphafi segir:<\/p>\n\n\n\n<p>\u201eSenta er allt! \u2013 vildi ma\u00f0ur hr\u00f3pa &nbsp;\u00ed s\u00e6luv\u00edmu eftir frums\u00fdninguna \u00ed Krefeld \u00e1 [\u00f3peru] Wagners, \u201eHollendingnum flj\u00fagandi\u201c. Ekki s\u00edst vegna vel heppna\u00f0ar frumraunar hinnar \u00edslensku dramat\u00edsku s\u00f3prans\u00f6ngkonu Agnesar Thorsteins \u00ed \u00feessu hlutverki (en var \u00e1\u00f0ur mess\u00f3) og gildir \u00fea\u00f0 jafnt um s\u00f6ng sem og leikr\u00e6na tj\u00e1ningu. Vi\u00f0 b\u00e6tist a\u00f0 svi\u00f0setningin beindist \u00f6ll a\u00f0 \u00feessari pers\u00f3nu [Sentu].\u201c<\/p>\n\n\n\n<p>S\u00ed\u00f0ar undir millifyrirs\u00f6gninni \u201eS\u00f3prans\u00f6ngkonunni Agnes Thorsteins \u00e1kaft fagna\u00f0 \u00ed frumraun sinni me\u00f0 Sentu\u201c: \u201e\u00deessi svi\u00f0setning er ekki a\u00f0eins mikill sigur vegna \u00feess hvernig hlutverk Sentu er m\u00f3ta\u00f0. Heldur l\u00edka \u00fear sem s\u00fa sem raunger\u00f0i hlutverki\u00f0, gestaeins\u00f6ngvarinn Agnes Thorsteins, kynnti sig sem miki\u00f0 Wagner-talent. R\u00f6dd hennar b\u00fdr yfir miklum m\u00f6guleikum sem h\u00fan n\u00fdtti s\u00e9r \u00e1 hinn fegursta m\u00e1ta. R\u00f6ddin er sk\u00fdr, hrein og umfram allt \u00f3\u00fevingu\u00f0 \u00ed h\u00e6\u00f0unum. Jafnframt skila\u00f0i textinn s\u00e9r vel. \u00de\u00e1 hefur h\u00fan \u00f3svikna tilfinningu fyrir t\u00f3nm\u00e1li Wagners. Krydda\u00f0 var \u00feetta me\u00f0 bullandi leikgle\u00f0i og n\u00e6rveru.\u201c Gagnr\u00fdnandinn heldur \u00e1fram og segir a\u00f0 \u00feurfi ekki l\u00edti\u00f0 til a\u00f0 n\u00e1 a\u00f0 geisla yfir sj\u00e1lfan Johannes Schw\u00e4rsky, \u00feann sem s\u00f6ng Hollendinginn.<\/p>\n\n\n\n<p><strong>\u00c1heyrendur \u00e6r\u00f0ust<\/strong><\/p>\n\n\n\n<p>Anna\u00f0 bla\u00f0, <em>Rheinische Post<\/em>, spara\u00f0i heldur ekki hr\u00f3si\u00f0. Fyrirs\u00f6gn gagnr\u00fdninnar var \u201e\u00dev\u00edl\u00edk fagna\u00f0arl\u00e6ti heyrast sjaldan. \u00c1heyrendur \u00e6r\u00f0ust \u00e1 frums\u00fdningu \u201eHollendingsins\u201c.\u201c Eftir a\u00f0 gagnr\u00fdnandinn hefur l\u00fdst \u00fev\u00ed hvernig s\u00fdningin sn\u00faist um Sentu segir hann: \u201eFr\u00e1b\u00e6r frumraun Agnesar Thorsteins. H\u00fan varpar sk\u00fdru lj\u00f3si \u00e1 bar\u00e1ttuvilja og ge\u00f0shr\u00e6ringu [Sentu]. H\u00e6stu t\u00f3nar eru fylltir gl\u00e6sileika og krafti. Balla\u00f0an hennar [\u00fear sem Agnes flytur spunakonunum go\u00f0s\u00f6gnina um &nbsp;Hollendinginn] er gimsteinn \u00ed leiftrandi hlj\u00f3mkr\u00f3nu.\u201c<\/p>\n\n\n\n<p><strong>Fimm af fimm stj\u00f6rnum<\/strong><\/p>\n\n\n\n<p>Vefs\u00ed\u00f0an <em>Der Opernfreund<\/em> (\u00d3peruvinurinn) segir a\u00f0 \u00fea\u00f0 s\u00e9 aldeilis \u00feess vir\u00f0i a\u00f0 leggja lei\u00f0 s\u00edna til Krefeld, og \u00fea\u00f0 \u00fe\u00f3tt um langan veg kunni a\u00f0 vera. \u00dea\u00f0 hafi einr\u00f3ma fagna\u00f0arl\u00e6ti frums\u00fdningargesta sanna\u00f0. S\u00ed\u00f0an rekur hann s\u00fdninguna me\u00f0 fj\u00e1lglegum or\u00f0um. Um Agnesi segir a\u00f0 h\u00fan hafi sungi\u00f0 st\u00f3rkostlega (grandios). \u201eNafn hennar eigum vi\u00f0 oft eftir a\u00f0 heyra.\u201c Til samans segir hann a\u00f0 eins\u00f6ngvararnir hafi veri\u00f0 \u00fev\u00edl\u00edkir a\u00f0 genginu \u00ed heild gefi hann fimm stj\u00f6rnur af fimm m\u00f6gulegum.<\/p>\n\n\n\n<p><strong>\u00deannig eru \u00feeir allir<\/strong><\/p>\n\n\n\n<p>Uppsetningin var um margt s\u00e9rst\u00e6\u00f0 og \u00e1hugaver\u00f0. Strax undir forleiknum m\u00e1tti sj\u00e1 \u00ed bakgrunni hvar Senta, sem barn, var k\u00fagu\u00f0 af f\u00f6\u00f0ur s\u00ednum en leita\u00f0i skj\u00f3ls \u00ed dagdraumum um s\u00e6fara og seglskip.<\/p>\n\n\n\n<p>Megin\u00feema\u00f0 var uppgj\u00f6r Sentu vi\u00f0 karlremburnar \u00ed l\u00edfi hennar, f\u00f6\u00f0urinn, vonbi\u00f0ilinn Eir\u00edk \u2013 en l\u00edka vi\u00f0 sj\u00e1lfan Hollendinginn flj\u00fagandi. \u00cd sta\u00f0 \u00feess a\u00f0 kasta s\u00e9r \u00ed sj\u00f3inn (n\u00fa e\u00f0a skj\u00f3ta sig eins og var \u00ed annarri s\u00fdningu sem \u00e9g s\u00e1 n\u00fdlega) til a\u00f0 sanna trygg\u00f0 s\u00edna vi\u00f0 Hollendinginn, gaf h\u00fan honum langt nef og strunsa\u00f0i burt. Senta hef\u00f0i geta\u00f0 sn\u00fai\u00f0 vi\u00f0 heiti Mozart\u00f3perunnar og hr\u00f3pa\u00f0 \u201eCosi fan tutti\u201c (\u00deannig eru \u00feeir allir), en Wagner hef\u00f0i ekki veri\u00f0 skemmt a\u00f0 heyra \u00cdt\u00f6lsku \u00ed s\u00ednu verki!<\/p>\n\n\n\n<p>Krefeld og M\u00f6nchengladbach, tv\u00e6r me\u00f0alst\u00f3rar borgir n\u00e6rri R\u00edn \u00ed grennd vi\u00f0 fylkish\u00f6fu\u00f0borgina D\u00fcsseldorf, reka saman menningarstofnanir svo sem \u00f3peru.<\/p>\n\n\n\n<p>\u00deessi uppsetning var \u00ed fyrra s\u00fdnd \u00ed M\u00f6nchengladbach, en n\u00fa \u00ed Krefeld, a\u00f0 mestu me\u00f0 s\u00f6mu s\u00f6ngvurum en me\u00f0 n\u00fdrri Sentu. Leikh\u00fasstj\u00f3rinn \u00ed Krefeld bar sig s\u00e9rstaklega eftir a\u00f0 f\u00e1 Agnesi \u00ed hlutverki\u00f0 \u2013 og var aldeilis ekki svikinn.<\/p>\n\n\n\n<p>D\u00e1g\u00f3\u00f0ur h\u00f3pur vina og vandamanna Agnesar, fr\u00e1 barnsaldri til t\u00edr\u00e6\u00f0isaldurs, kom \u00far \u00fdmsum \u00e1ttum me\u00f0 n\u00f6fnuna, \u00f6mmuna og p\u00edan\u00f3leikarann Agnesi L\u00f6ve \u00ed broddi fylkingar til a\u00f0 vera vi\u00f0 frums\u00fdninguna \u00ed Krefeld. Agnes stal senunni, f\u00e9kk mesta klappi\u00f0 og brav\u00f3in \u2013 ekki bara fr\u00e1 raddsterkum \u00cdslendingum.<\/p>\n\n\n\n<p><strong>Stekkur upp framastigann<\/strong><\/p>\n\n\n\n<p>Margir eru kalla\u00f0ir en f\u00e1ir \u00fatvaldir \u00e1 listabrautinni og fyrstu tr\u00f6ppurnar \u00ed framastiganum eru a\u00f0 jafna\u00f0i \u00fe\u00e6r h\u00e6stu. N\u00fa er Agnes Thorsteins b\u00fain a\u00f0 st\u00f6kkva upp og yfir \u00fe\u00e6r tr\u00f6ppur. Hver ver\u00f0a n\u00e6stu Wagnerhlutverk hennar? Elsa, Eva, El\u00edsabet, Venus; &nbsp;svo a\u00f0 ekki s\u00e9 minnst \u00e1&nbsp; \u00cdsold, Sigurlind og Brynhildi?<\/p>\n\n\n\n<p>\u00c9g b\u00ed\u00f0 spenntur.<\/p>\n\n\n\n<p><strong>N\u00e6stu s\u00fdningar<\/strong><\/p>\n\n\n\n<p>\u00dea\u00f0 eru enn eftir sj\u00f6 af alls n\u00edu s\u00fdningum \u00e1 \u00feessari uppf\u00e6rslu og allar me\u00f0 Agnesi sem Sentu&nbsp;&nbsp;&nbsp;&nbsp;&nbsp;&nbsp;&nbsp;&nbsp;&nbsp;&nbsp;&nbsp;&nbsp;<\/p>\n\n\n\n<p>Mi\u00f0a m\u00e1 f\u00e1 \u00e1 vefs\u00ed\u00f0unni <a href=\"https:\/\/theater-kr-mg.de\/spielplan\/der-fliegende-hollaender\/\">https:\/\/theater-kr-mg.de\/spielplan\/der-fliegende-hollaender\/<\/a><\/p>\n\n\n\n<p>\u00de\u00e1 m\u00e1 v\u00edsa \u00e1 f\u00e9sb\u00f3kars\u00ed\u00f0u Agnesar Thorsteins, sj\u00e1lfrar: <a href=\"https:\/\/www.facebook.com\/agnes.tanja\">https:\/\/www.facebook.com\/agnes.tanja<\/a><\/p>\n\n\n\n<p><em>\u00deorkell Helgason<\/em><\/p>\n","protected":false},"excerpt":{"rendered":"<p>Lj\u00f3smynd: Matthias Stutte, Westdeutsche Zeitung \u201eAlles Senta!\u201c \u00deannig var yfirskriftin \u00e1 gagnr\u00fdni \u00ed Westdeutsche Zeitung um frums\u00fdningu n\u00fdrrar uppf\u00e6rslu \u00e1 Hollendingnum flj\u00fagandi 21. jan. 2024 \u00ed borgarleikh\u00fasinu \u00ed Krefeld \u00ed \u00de\u00fdskalandi. Og strax \u00ed upphafi segir: \u201eSenta er allt! \u2013 vildi ma\u00f0ur hr\u00f3pa &nbsp;\u00ed s\u00e6luv\u00edmu eftir frums\u00fdninguna \u00ed Krefeld \u00e1 [\u00f3peru] Wagners, \u201eHollendingnum flj\u00fagandi\u201c. Ekki [&hellip;]<\/p>\n","protected":false},"author":1,"featured_media":0,"comment_status":"closed","ping_status":"open","sticky":false,"template":"","format":"standard","meta":{"_et_pb_use_builder":"on","_et_pb_old_content":"<!-- wp:paragraph -->\n<p><\/p>\n<!-- \/wp:paragraph -->\n\n<!-- wp:paragraph -->\n<p><\/p>\n<!-- \/wp:paragraph -->\n\n<!-- wp:image {\"id\":2993,\"sizeSlug\":\"full\",\"linkDestination\":\"media\"} -->\n<figure class=\"wp-block-image size-full\"><a href=\"https:\/\/thorkellhelgason.is\/wp-content\/uploads\/2024\/01\/Senta.jpg\"><img src=\"https:\/\/thorkellhelgason.is\/wp-content\/uploads\/2024\/01\/Senta-edited.jpg\" alt=\"\" class=\"wp-image-2993\"\/><\/a><figcaption>Lj\u00f3smynd: Matthias Stutte, Westdeutsche Zeitung<\/figcaption><\/figure>\n<!-- \/wp:image -->\n\n<!-- wp:paragraph -->\n<p><\/p>\n<!-- \/wp:paragraph -->\n\n<!-- wp:paragraph -->\n<p><strong>\u201eAlles Senta!\u201c<\/strong><\/p>\n<!-- \/wp:paragraph -->\n\n<!-- wp:paragraph -->\n<p>\u00deannig var yfirskriftin \u00e1 gagnr\u00fdni \u00ed <em>Westdeutsche Zeitung<\/em> um frums\u00fdningu n\u00fdrrar uppf\u00e6rslu \u00e1 <em>Hollendingnum flj\u00fagandi<\/em> 21. jan. 2024 \u00ed borgarleikh\u00fasinu \u00ed Krefeld \u00ed \u00de\u00fdskalandi. Og strax \u00ed upphafi segir:<\/p>\n<!-- \/wp:paragraph -->\n\n<!-- wp:paragraph -->\n<p>\u201eSenta er allt! \u2013 vildi ma\u00f0ur hr\u00f3pa &nbsp;\u00ed s\u00e6luv\u00edmu eftir frums\u00fdninguna \u00ed Krefeld \u00e1 [\u00f3peru] Wagners, \u201eHollendingnum flj\u00fagandi\u201c. Ekki s\u00edst vegna vel heppna\u00f0ar frumraunar hinnar \u00edslensku dramat\u00edsku s\u00f3prans\u00f6ngkonu Agnesar Thorsteins \u00ed \u00feessu hlutverki (en var \u00e1\u00f0ur mess\u00f3) og gildir \u00fea\u00f0 jafnt um s\u00f6ng sem og leikr\u00e6na tj\u00e1ningu. Vi\u00f0 b\u00e6tist a\u00f0 svi\u00f0setningin beindist \u00f6ll a\u00f0 \u00feessari pers\u00f3nu [Sentu].\u201c<\/p>\n<!-- \/wp:paragraph -->\n\n<!-- wp:paragraph -->\n<p>S\u00ed\u00f0ar undir millifyrirs\u00f6gninni \u201eS\u00f3prans\u00f6ngkonunni Agnes Thorsteins \u00e1kaft fagna\u00f0 \u00ed frumraun sinni me\u00f0 Sentu\u201c: \u201e\u00deessi svi\u00f0setning er ekki a\u00f0eins mikill sigur vegna \u00feess hvernig hlutverk Sentu er m\u00f3ta\u00f0. Heldur l\u00edka \u00fear sem s\u00fa sem raunger\u00f0i hlutverki\u00f0, gestaeins\u00f6ngvarinn Agnes Thorsteins, kynnti sig sem miki\u00f0 Wagner-talent. R\u00f6dd hennar b\u00fdr yfir miklum m\u00f6guleikum sem h\u00fan n\u00fdtti s\u00e9r \u00e1 hinn fegursta m\u00e1ta. R\u00f6ddin er sk\u00fdr, hrein og umfram allt \u00f3\u00fevingu\u00f0 \u00ed h\u00e6\u00f0unum. Jafnframt skila\u00f0i textinn s\u00e9r vel. \u00de\u00e1 hefur h\u00fan \u00f3svikna tilfinningu fyrir t\u00f3nm\u00e1li Wagners. Krydda\u00f0 var \u00feetta me\u00f0 bullandi leikgle\u00f0i og n\u00e6rveru.\u201c Gagnr\u00fdnandinn heldur \u00e1fram og segir a\u00f0 \u00feurfi ekki l\u00edti\u00f0 til a\u00f0 n\u00e1 a\u00f0 geisla yfir sj\u00e1lfan Johannes Schw\u00e4rsky, \u00feann sem s\u00f6ng Hollendinginn.<\/p>\n<!-- \/wp:paragraph -->\n\n<!-- wp:paragraph -->\n<p><strong>\u00c1heyrendur \u00e6r\u00f0ust<\/strong><\/p>\n<!-- \/wp:paragraph -->\n\n<!-- wp:paragraph -->\n<p>Anna\u00f0 bla\u00f0, <em>Rheinische Post<\/em>, spara\u00f0i heldur ekki hr\u00f3si\u00f0. Fyrirs\u00f6gn gagnr\u00fdninnar var \u201e\u00dev\u00edl\u00edk fagna\u00f0arl\u00e6ti heyrast sjaldan. \u00c1heyrendur \u00e6r\u00f0ust \u00e1 frums\u00fdningu \u201eHollendingsins\u201c.\u201c Eftir a\u00f0 gagnr\u00fdnandinn hefur l\u00fdst \u00fev\u00ed hvernig s\u00fdningin sn\u00faist um Sentu segir hann: \u201eFr\u00e1b\u00e6r frumraun Agnesar Thorsteins. H\u00fan varpar sk\u00fdru lj\u00f3si \u00e1 bar\u00e1ttuvilja og ge\u00f0shr\u00e6ringu [Sentu]. H\u00e6stu t\u00f3nar eru fylltir gl\u00e6sileika og krafti. Balla\u00f0an hennar [\u00fear sem Agnes flytur spunakonunum go\u00f0s\u00f6gnina um &nbsp;Hollendinginn] er gimsteinn \u00ed leiftrandi hlj\u00f3mkr\u00f3nu.\u201c<\/p>\n<!-- \/wp:paragraph -->\n\n<!-- wp:paragraph -->\n<p><strong>Fimm af fimm stj\u00f6rnum<\/strong><\/p>\n<!-- \/wp:paragraph -->\n\n<!-- wp:paragraph -->\n<p>Vefs\u00ed\u00f0an <em>Der Opernfreund<\/em> (\u00d3peruvinurinn) segir a\u00f0 \u00fea\u00f0 s\u00e9 aldeilis \u00feess vir\u00f0i a\u00f0 leggja lei\u00f0 s\u00edna til Krefeld, og \u00fea\u00f0 \u00fe\u00f3tt um langan veg kunni a\u00f0 vera. \u00dea\u00f0 hafi einr\u00f3ma fagna\u00f0arl\u00e6ti frums\u00fdningargesta sanna\u00f0. S\u00ed\u00f0an rekur hann s\u00fdninguna me\u00f0 fj\u00e1lglegum or\u00f0um. Um Agnesi segir a\u00f0 h\u00fan hafi sungi\u00f0 st\u00f3rkostlega (grandios). \u201eNafn hennar eigum vi\u00f0 oft eftir a\u00f0 heyra.\u201c Til samans segir hann a\u00f0 eins\u00f6ngvararnir hafi veri\u00f0 \u00fev\u00edl\u00edkir a\u00f0 genginu \u00ed heild gefi hann fimm stj\u00f6rnur af fimm m\u00f6gulegum.<\/p>\n<!-- \/wp:paragraph -->\n\n<!-- wp:paragraph -->\n<p><strong>\u00deannig eru \u00feeir allir<\/strong><\/p>\n<!-- \/wp:paragraph -->\n\n<!-- wp:paragraph -->\n<p>Uppsetningin var um margt s\u00e9rst\u00e6\u00f0 og \u00e1hugaver\u00f0. Strax undir forleiknum m\u00e1tti sj\u00e1 \u00ed bakgrunni hvar Senta, sem barn, var k\u00fagu\u00f0 af f\u00f6\u00f0ur s\u00ednum en leita\u00f0i skj\u00f3ls \u00ed dagdraumum um s\u00e6fara og seglskip.<\/p>\n<!-- \/wp:paragraph -->\n\n<!-- wp:paragraph -->\n<p>Megin\u00feema\u00f0 var uppgj\u00f6r Sentu vi\u00f0 karlremburnar \u00ed l\u00edfi hennar, f\u00f6\u00f0urinn, vonbi\u00f0ilinn Eir\u00edk \u2013 en l\u00edka vi\u00f0 sj\u00e1lfan Hollendinginn flj\u00fagandi. \u00cd sta\u00f0 \u00feess a\u00f0 kasta s\u00e9r \u00ed sj\u00f3inn (n\u00fa e\u00f0a skj\u00f3ta sig eins og var \u00ed annarri s\u00fdningu sem \u00e9g s\u00e1 n\u00fdlega) til a\u00f0 sanna trygg\u00f0 s\u00edna vi\u00f0 Hollendinginn, gaf h\u00fan honum langt nef og strunsa\u00f0i burt. Senta hef\u00f0i geta\u00f0 sn\u00fai\u00f0 vi\u00f0 heiti Mozart\u00f3perunnar og hr\u00f3pa\u00f0 \u201eCosi fan tutti\u201c (\u00deannig eru \u00feeir allir), en Wagner hef\u00f0i ekki veri\u00f0 skemmt a\u00f0 heyra \u00cdt\u00f6lsku \u00ed s\u00ednu verki!<\/p>\n<!-- \/wp:paragraph -->\n\n<!-- wp:paragraph -->\n<p>Krefeld og M\u00f6nchengladbach, tv\u00e6r me\u00f0alst\u00f3rar borgir n\u00e6rri R\u00edn \u00ed grennd vi\u00f0 fylkish\u00f6fu\u00f0borgina D\u00fcsseldorf, reka saman menningarstofnanir svo sem \u00f3peru.<\/p>\n<!-- \/wp:paragraph -->\n\n<!-- wp:paragraph -->\n<p>\u00deessi uppsetning var \u00ed fyrra s\u00fdnd \u00ed M\u00f6nchengladbach, en n\u00fa \u00ed Krefeld, a\u00f0 mestu me\u00f0 s\u00f6mu s\u00f6ngvurum en me\u00f0 n\u00fdrri Sentu. Leikh\u00fasstj\u00f3rinn \u00ed Krefeld bar sig s\u00e9rstaklega eftir a\u00f0 f\u00e1 Agnesi \u00ed hlutverki\u00f0 \u2013 og var aldeilis ekki svikinn.<\/p>\n<!-- \/wp:paragraph -->\n\n<!-- wp:paragraph -->\n<p>D\u00e1g\u00f3\u00f0ur h\u00f3pur vina og vandamanna Agnesar, fr\u00e1 barnsaldri til t\u00edr\u00e6\u00f0isaldurs, kom \u00far \u00fdmsum \u00e1ttum me\u00f0 n\u00f6fnuna, \u00f6mmuna og p\u00edan\u00f3leikarann Agnesi L\u00f6ve \u00ed broddi fylkingar til a\u00f0 vera vi\u00f0 frums\u00fdninguna \u00ed Krefeld. Agnes stal senunni, f\u00e9kk mesta klappi\u00f0 og brav\u00f3in \u2013 ekki bara fr\u00e1 raddsterkum \u00cdslendingum.<\/p>\n<!-- \/wp:paragraph -->\n\n<!-- wp:paragraph -->\n<p><strong>Stekkur upp framastigann<\/strong><\/p>\n<!-- \/wp:paragraph -->\n\n<!-- wp:paragraph -->\n<p>Margir eru kalla\u00f0ir en f\u00e1ir \u00fatvaldir \u00e1 listabrautinni og fyrstu tr\u00f6ppurnar \u00ed framastiganum eru a\u00f0 jafna\u00f0i \u00fe\u00e6r h\u00e6stu. N\u00fa er Agnes Thorsteins b\u00fain a\u00f0 st\u00f6kkva upp og yfir \u00fe\u00e6r tr\u00f6ppur. Hver ver\u00f0a n\u00e6stu Wagnerhlutverk hennar? Elsa, Eva, El\u00edsabet, Venus; &nbsp;svo a\u00f0 ekki s\u00e9 minnst \u00e1&nbsp; \u00cdsold, Sigurlind og Brynhildi?<\/p>\n<!-- \/wp:paragraph -->\n\n<!-- wp:paragraph -->\n<p>\u00c9g b\u00ed\u00f0 spenntur.<\/p>\n<!-- \/wp:paragraph -->\n\n<!-- wp:paragraph -->\n<p><strong>N\u00e6stu s\u00fdningar<\/strong><\/p>\n<!-- \/wp:paragraph -->\n\n<!-- wp:paragraph -->\n<p>\u00dea\u00f0 eru enn eftir sj\u00f6 af alls n\u00edu s\u00fdningum \u00e1 \u00feessari uppf\u00e6rslu og allar me\u00f0 Agnesi sem Sentu&nbsp;&nbsp;&nbsp;&nbsp;&nbsp;&nbsp;&nbsp;&nbsp;&nbsp;&nbsp;&nbsp;&nbsp;<\/p>\n<!-- \/wp:paragraph -->\n\n<!-- wp:paragraph -->\n<p>Mi\u00f0a m\u00e1 f\u00e1 \u00e1 vefs\u00ed\u00f0unni <a href=\"https:\/\/theater-kr-mg.de\/spielplan\/der-fliegende-hollaender\/\">https:\/\/theater-kr-mg.de\/spielplan\/der-fliegende-hollaender\/<\/a><\/p>\n<!-- \/wp:paragraph -->\n\n<!-- wp:paragraph -->\n<p>\u00de\u00e1 m\u00e1 v\u00edsa \u00e1 f\u00e9sb\u00f3kars\u00ed\u00f0u Agnesar Thorsteins, sj\u00e1lfrar: <a href=\"https:\/\/www.facebook.com\/agnes.tanja\">https:\/\/www.facebook.com\/agnes.tanja<\/a><\/p>\n<!-- \/wp:paragraph -->\n\n<!-- wp:paragraph -->\n<p><em>\u00deorkell Helgason<\/em><\/p>\n<!-- \/wp:paragraph -->","_et_gb_content_width":"","footnotes":""},"categories":[1],"tags":[96],"class_list":["post-2988","post","type-post","status-publish","format-standard","hentry","category-eigin-vefsida","tag-tonlist"],"_links":{"self":[{"href":"https:\/\/thorkellhelgason.is\/index.php?rest_route=\/wp\/v2\/posts\/2988","targetHints":{"allow":["GET"]}}],"collection":[{"href":"https:\/\/thorkellhelgason.is\/index.php?rest_route=\/wp\/v2\/posts"}],"about":[{"href":"https:\/\/thorkellhelgason.is\/index.php?rest_route=\/wp\/v2\/types\/post"}],"author":[{"embeddable":true,"href":"https:\/\/thorkellhelgason.is\/index.php?rest_route=\/wp\/v2\/users\/1"}],"replies":[{"embeddable":true,"href":"https:\/\/thorkellhelgason.is\/index.php?rest_route=%2Fwp%2Fv2%2Fcomments&post=2988"}],"version-history":[{"count":5,"href":"https:\/\/thorkellhelgason.is\/index.php?rest_route=\/wp\/v2\/posts\/2988\/revisions"}],"predecessor-version":[{"id":3109,"href":"https:\/\/thorkellhelgason.is\/index.php?rest_route=\/wp\/v2\/posts\/2988\/revisions\/3109"}],"wp:attachment":[{"href":"https:\/\/thorkellhelgason.is\/index.php?rest_route=%2Fwp%2Fv2%2Fmedia&parent=2988"}],"wp:term":[{"taxonomy":"category","embeddable":true,"href":"https:\/\/thorkellhelgason.is\/index.php?rest_route=%2Fwp%2Fv2%2Fcategories&post=2988"},{"taxonomy":"post_tag","embeddable":true,"href":"https:\/\/thorkellhelgason.is\/index.php?rest_route=%2Fwp%2Fv2%2Ftags&post=2988"}],"curies":[{"name":"wp","href":"https:\/\/api.w.org\/{rel}","templated":true}]}}