{"id":580,"date":"2010-11-25T21:34:17","date_gmt":"2010-11-25T21:34:17","guid":{"rendered":"http:\/\/thorkellhelgason.is\/?p=580"},"modified":"2011-04-16T11:56:16","modified_gmt":"2011-04-16T11:56:16","slug":"ari%c3%b0andi-utankjorfundaratkv%c3%a6%c3%b0agrei%c3%b0slu-likur-a-hadegi-a-fostudag-26-november","status":"publish","type":"post","link":"https:\/\/thorkellhelgason.is\/?p=580","title":{"rendered":"\u00c1r\u00ed\u00f0andi! Utankj\u00f6rfundaratkv\u00e6\u00f0agrei\u00f0slu l\u00edkur \u00e1 h\u00e1degi \u00e1 f\u00f6studag 26. n\u00f3vember"},"content":{"rendered":"<p>Ekki gleyma a\u00f0 kj\u00f3sa. \u00deeir sem missa af lestinni ver\u00f0a \u00fe\u00e1 a\u00f0 reyna a\u00f0 m\u00e6ta \u00e1 kj\u00f6rsta\u00f0 \u00e1 laugardag. G\u00f3\u00f0 kj\u00f6rs\u00f3kn er grunnforsenda \u00feess a\u00f0 stj\u00f3rnlaga\u00feingi\u00f0 ver\u00f0i fars\u00e6lt \u00fej\u00f3\u00f0inni. Kj\u00f3sum \u00f6ll. Samkv\u00e6mt t\u00f6lum er sta\u00f0a utankj\u00f6rsta\u00f0aatkv\u00e6\u00f0agrei\u00f0slu svipu\u00f0 og vi\u00f0 s\u00ed\u00f0ustu sveitarstj\u00f3rnarkosningar. Er \u00fej\u00f3\u00f0in a\u00f0 taka vi\u00f0 s\u00e9r? G\u00f3\u00f0ar fr\u00e9ttir fyrir stj\u00f3rnlaga\u00feingi\u00f0? Vonandi.<\/p>\n","protected":false},"excerpt":{"rendered":"<p>Ekki gleyma a\u00f0 kj\u00f3sa. \u00deeir sem missa af lestinni ver\u00f0a \u00fe\u00e1 a\u00f0 reyna a\u00f0 m\u00e6ta \u00e1 kj\u00f6rsta\u00f0 \u00e1 laugardag. G\u00f3\u00f0 kj\u00f6rs\u00f3kn er grunnforsenda \u00feess a\u00f0 stj\u00f3rnlaga\u00feingi\u00f0 ver\u00f0i fars\u00e6lt \u00fej\u00f3\u00f0inni. Kj\u00f3sum \u00f6ll. Samkv\u00e6mt t\u00f6lum er sta\u00f0a utankj\u00f6rsta\u00f0aatkv\u00e6\u00f0agrei\u00f0slu svipu\u00f0 og vi\u00f0 s\u00ed\u00f0ustu sveitarstj\u00f3rnarkosningar. Er \u00fej\u00f3\u00f0in a\u00f0 taka vi\u00f0 s\u00e9r? G\u00f3\u00f0ar fr\u00e9ttir fyrir stj\u00f3rnlaga\u00feingi\u00f0? Vonandi.<\/p>\n","protected":false},"author":1,"featured_media":0,"comment_status":"open","ping_status":"open","sticky":false,"template":"","format":"standard","meta":{"_et_pb_use_builder":"","_et_pb_old_content":"","_et_gb_content_width":"","footnotes":""},"categories":[1],"tags":[26,22],"class_list":["post-580","post","type-post","status-publish","format-standard","hentry","category-eigin-vefsida","tag-frambodid","tag-kosningin"],"_links":{"self":[{"href":"https:\/\/thorkellhelgason.is\/index.php?rest_route=\/wp\/v2\/posts\/580","targetHints":{"allow":["GET"]}}],"collection":[{"href":"https:\/\/thorkellhelgason.is\/index.php?rest_route=\/wp\/v2\/posts"}],"about":[{"href":"https:\/\/thorkellhelgason.is\/index.php?rest_route=\/wp\/v2\/types\/post"}],"author":[{"embeddable":true,"href":"https:\/\/thorkellhelgason.is\/index.php?rest_route=\/wp\/v2\/users\/1"}],"replies":[{"embeddable":true,"href":"https:\/\/thorkellhelgason.is\/index.php?rest_route=%2Fwp%2Fv2%2Fcomments&post=580"}],"version-history":[{"count":4,"href":"https:\/\/thorkellhelgason.is\/index.php?rest_route=\/wp\/v2\/posts\/580\/revisions"}],"predecessor-version":[{"id":607,"href":"https:\/\/thorkellhelgason.is\/index.php?rest_route=\/wp\/v2\/posts\/580\/revisions\/607"}],"wp:attachment":[{"href":"https:\/\/thorkellhelgason.is\/index.php?rest_route=%2Fwp%2Fv2%2Fmedia&parent=580"}],"wp:term":[{"taxonomy":"category","embeddable":true,"href":"https:\/\/thorkellhelgason.is\/index.php?rest_route=%2Fwp%2Fv2%2Fcategories&post=580"},{"taxonomy":"post_tag","embeddable":true,"href":"https:\/\/thorkellhelgason.is\/index.php?rest_route=%2Fwp%2Fv2%2Ftags&post=580"}],"curies":[{"name":"wp","href":"https:\/\/api.w.org\/{rel}","templated":true}]}}