{"id":616,"date":"2010-11-27T09:02:27","date_gmt":"2010-11-27T09:02:27","guid":{"rendered":"http:\/\/thorkellhelgason.is\/?p=616"},"modified":"2011-04-16T12:52:09","modified_gmt":"2011-04-16T12:52:09","slug":"dagur-folksins","status":"publish","type":"post","link":"https:\/\/thorkellhelgason.is\/?p=616","title":{"rendered":"Dagur f\u00f3lksins"},"content":{"rendered":"<p>\u00deegar \u00feetta er rita\u00f0 er veri\u00f0 a\u00f0 opna kj\u00f6rsta\u00f0i. \u00cd dag ver\u00f0ur kosi\u00f0 til stj\u00f3rnlaga\u00feings sem er fali\u00f0 \u00fea\u00f0 \u00e1byrg\u00f0armikla verkefni a\u00f0 gera till\u00f6gu um endurb\u00e6tta stj\u00f3rnarskr\u00e1 L\u00fd\u00f0veldisins \u00cdslands. \u00deessi kosning er \u00fev\u00ed ein s\u00fa mikilv\u00e6gasta \u00ed s\u00f6gu \u00feessa l\u00fd\u00f0veldis. Br\u00fdnt er a\u00f0 kj\u00f6rs\u00f3kn ver\u00f0i g\u00f3\u00f0 \u00feannig a\u00f0 \u00feingfulltr\u00faar f\u00e1i traust umbo\u00f0 \u00fej\u00f3\u00f0arinnar til starfa sinna. Flykkjumst \u00fev\u00ed \u00e1 kj\u00f6rsta\u00f0 \u00ed nafni l\u00fd\u00f0r\u00e6\u00f0isins. L\u00e1tum ekki a\u00f0ra kj\u00f3sa fyrir okkur me\u00f0 \u00fev\u00ed a\u00f0 m\u00e6ta ekki.<br \/>\n\u00dea\u00f0 er miki\u00f0 \u00farval g\u00f3\u00f0ra frambj\u00f3\u00f0enda. Fj\u00f6ldi \u00feeirra \u00e6tti \u00fev\u00ed ekki a\u00f0 vaxa m\u00f6nnum \u00ed augum; \u00fevert \u00e1 m\u00f3ti veitir hann kj\u00f3sendum t\u00e6kif\u00e6ri til vals \u00ed \u00feessum fyrsta pers\u00f3nukj\u00f6ri \u00e1 fulltr\u00faa\u00feing. L\u00e1tum ekki t\u00e6kif\u00e6ri\u00f0 \u00far greipum okkur ganga.<\/p>\n","protected":false},"excerpt":{"rendered":"<p>\u00deegar \u00feetta er rita\u00f0 er veri\u00f0 a\u00f0 opna kj\u00f6rsta\u00f0i. \u00cd dag ver\u00f0ur kosi\u00f0 til stj\u00f3rnlaga\u00feings sem er fali\u00f0 \u00fea\u00f0 \u00e1byrg\u00f0armikla verkefni a\u00f0 gera till\u00f6gu um endurb\u00e6tta stj\u00f3rnarskr\u00e1 L\u00fd\u00f0veldisins \u00cdslands. \u00deessi kosning er \u00fev\u00ed ein s\u00fa mikilv\u00e6gasta \u00ed s\u00f6gu \u00feessa l\u00fd\u00f0veldis. Br\u00fdnt er a\u00f0 kj\u00f6rs\u00f3kn ver\u00f0i g\u00f3\u00f0 \u00feannig a\u00f0 \u00feingfulltr\u00faar f\u00e1i traust umbo\u00f0 \u00fej\u00f3\u00f0arinnar til starfa [&hellip;]<\/p>\n","protected":false},"author":1,"featured_media":0,"comment_status":"open","ping_status":"open","sticky":false,"template":"","format":"standard","meta":{"_et_pb_use_builder":"","_et_pb_old_content":"","_et_gb_content_width":"","footnotes":""},"categories":[1],"tags":[26,22],"class_list":["post-616","post","type-post","status-publish","format-standard","hentry","category-eigin-vefsida","tag-frambodid","tag-kosningin"],"_links":{"self":[{"href":"https:\/\/thorkellhelgason.is\/index.php?rest_route=\/wp\/v2\/posts\/616","targetHints":{"allow":["GET"]}}],"collection":[{"href":"https:\/\/thorkellhelgason.is\/index.php?rest_route=\/wp\/v2\/posts"}],"about":[{"href":"https:\/\/thorkellhelgason.is\/index.php?rest_route=\/wp\/v2\/types\/post"}],"author":[{"embeddable":true,"href":"https:\/\/thorkellhelgason.is\/index.php?rest_route=\/wp\/v2\/users\/1"}],"replies":[{"embeddable":true,"href":"https:\/\/thorkellhelgason.is\/index.php?rest_route=%2Fwp%2Fv2%2Fcomments&post=616"}],"version-history":[{"count":6,"href":"https:\/\/thorkellhelgason.is\/index.php?rest_route=\/wp\/v2\/posts\/616\/revisions"}],"predecessor-version":[{"id":929,"href":"https:\/\/thorkellhelgason.is\/index.php?rest_route=\/wp\/v2\/posts\/616\/revisions\/929"}],"wp:attachment":[{"href":"https:\/\/thorkellhelgason.is\/index.php?rest_route=%2Fwp%2Fv2%2Fmedia&parent=616"}],"wp:term":[{"taxonomy":"category","embeddable":true,"href":"https:\/\/thorkellhelgason.is\/index.php?rest_route=%2Fwp%2Fv2%2Fcategories&post=616"},{"taxonomy":"post_tag","embeddable":true,"href":"https:\/\/thorkellhelgason.is\/index.php?rest_route=%2Fwp%2Fv2%2Ftags&post=616"}],"curies":[{"name":"wp","href":"https:\/\/api.w.org\/{rel}","templated":true}]}}