{"id":808,"date":"2011-03-28T07:17:00","date_gmt":"2011-03-28T07:17:00","guid":{"rendered":"http:\/\/thorkellhelgason.is\/?p=808"},"modified":"2011-04-16T12:30:02","modified_gmt":"2011-04-16T12:30:02","slug":"yfirlysing-%c3%beorkels-helgasonar-um-toku-s%c3%a6tis-i-stjornlagara%c3%b0i","status":"publish","type":"post","link":"https:\/\/thorkellhelgason.is\/?p=808","title":{"rendered":"Yfirl\u00fdsing \u00deorkels Helgasonar um t\u00f6ku s\u00e6tis \u00ed Stj\u00f3rnlagar\u00e1\u00f0i"},"content":{"rendered":"<p>Al\u00feingi hefur sam\u00feykkt \u00feings\u00e1lyktun um skipun Stj\u00f3rnlagar\u00e1\u00f0s. Drj\u00fagur meirihluti \u00feeirra \u00feingmanna sem afst\u00f6\u00f0u t\u00f3ku studdu \u00e1lyktunina. \u00deeim 25 sem hloti\u00f0 h\u00f6f\u00f0u kj\u00f6rbr\u00e9f til setu \u00e1 Stj\u00f3rnlaga\u00feingi hefur veri\u00f0 bo\u00f0in seta \u00ed r\u00e1\u00f0inu. \u00c9g er einn \u00feeirra.<\/p>\n<p>\u00cd kosningunni til Stj\u00f3rnlaga\u00feings hlaut \u00e9g tilnefningu n\u00e6r 13 \u00fe\u00fasunda kj\u00f3senda sem safna\u00f0ist upp \u00ed 3196 atkv\u00e6\u00f0i. \u00der\u00e1tt fyrir \u00farskur\u00f0 H\u00e6star\u00e9ttar um \u00f3gildingu kosningarinnar tel \u00e9g mig hafa stu\u00f0ning \u00feessa g\u00f3\u00f0a f\u00f3lks auk \u00feess a\u00f0 hafa skyldur vi\u00f0 \u00fea\u00f0 til a\u00f0 vinna a\u00f0 \u00fev\u00ed br\u00fdna verki a\u00f0 endurb\u00e6ta stj\u00f3rnarskr\u00e1 l\u00fd\u00f0veldisins. \u00deeir 25 sem fengu mestan stu\u00f0ning \u00ed kosningunni h\u00f6f\u00f0u 83% gildra atkv\u00e6\u00f0a a\u00f0 baki s\u00e9r. \u00deessar t\u00f6lur m\u00e1 lesa \u00fat \u00far talningu landskj\u00f6rstj\u00f3rnar en \u00e1 \u00fe\u00e6r hefur H\u00e6stir\u00e9ttur ekki bori\u00f0 brig\u00f0ur. Stu\u00f0ningur vi\u00f0 h\u00f3pinn var \u00fev\u00ed mikill me\u00f0al \u00feeirra sem kusu.<\/p>\n<p>\u00dea\u00f0 er \u00e1byrg\u00f0armiki\u00f0 verkefni a\u00f0 gera endurb\u00e6tur \u00e1 stj\u00f3rnarskr\u00e1nni og starfst\u00edmi Stj\u00f3rnlagar\u00e1\u00f0s er knappur. Me\u00f0 samstilltu \u00e1taki v\u00e6nti \u00e9g \u00feess engu a\u00f0 s\u00ed\u00f0ur a\u00f0 unnt ver\u00f0i a\u00f0 leggja fyrir \u00feing og \u00fej\u00f3\u00f0 \u00edgrunda\u00f0 frumvarp til n\u00fdrra stj\u00f3rnskipunarlaga innan settra t\u00edmamarka. \u00cd \u00fev\u00ed starfi er fengur a\u00f0 g\u00f3\u00f0um \u00e1bendingum fr\u00e1 \u00dej\u00f3\u00f0fundinum 2010. A\u00f0 auki er mikils a\u00f0 v\u00e6nta af vinnu stj\u00f3rnlaganefndar \u00feeirrar sem hefur unni\u00f0 sleitulaust fr\u00e1 s.l. sumri a\u00f0 gagna\u00f6flun og greinarger\u00f0um um stj\u00f3rnarskr\u00e1rm\u00e1li\u00f0. Ni\u00f0ursta\u00f0a nefndarinnar ver\u00f0ur l\u00f6g\u00f0 fyrir Stj\u00f3rnlagar\u00e1\u00f0i\u00f0 um lei\u00f0 og \u00fea\u00f0 kemur saman.<\/p>\n<p>\u00darskur\u00f0ur H\u00e6star\u00e9ttar um \u00f3gildingu kosningarinnar til Stj\u00f3rnlaga\u00feings varpar vissulega skugga \u00e1 tilur\u00f0 og tilvist Stj\u00f3rnlagar\u00e1\u00f0sins. \u00c9g hef haft efasemdir um ni\u00f0urst\u00f6\u00f0u h\u00e6star\u00e9ttard\u00f3maranna, sbr. skrif m\u00edn \u00e1 vefs\u00ed\u00f0unum <a href=\"..\/?p=724\">https:\/\/thorkellhelgason.is\/?p=724<\/a>, svo og <a href=\"..\/?p=730\">https:\/\/thorkellhelgason.is\/?p=730<\/a>. D\u00f3murunum var \u00ed enduruppt\u00f6kubei\u00f0ni bent \u00e1 hvernig h\u00f6ggva m\u00e6tti \u00e1 hn\u00fatinn. \u00darr\u00e6\u00f0i\u00f0 f\u00f3lst \u00ed endurtalningu fyrir opnum dyrum eftir a\u00f0 \u00f6ll au\u00f0kenni hef\u00f0u veri\u00f0 fjarl\u00e6g\u00f0 af kj\u00f6rse\u00f0lunum.\u00a0 \u00de\u00e1 hef\u00f0u \u00feeir tveir \u201eannmarkar\u201c \u00e1 framkv\u00e6md kosningarinnar sem d\u00f3mararnir t\u00f6ldu \u201ealvarlega\u201c veri\u00f0 \u00far s\u00f6gunni. Vi\u00f0 bei\u00f0ninni var ekki or\u00f0i\u00f0 og eftir situr upprunanlega \u00e1kv\u00f6r\u00f0unin sem hin endanlega. \u00deau sem taka bo\u00f0i Al\u00feingis um setu \u00ed Stj\u00f3rnlagar\u00e1\u00f0i bera hvorki \u00e1byrg\u00f0 \u00e1 \u00feeim mist\u00f6kum sem leiddu til umr\u00e6ddrar ni\u00f0urst\u00f6\u00f0u n\u00e9 heldur \u00feeirri lausn m\u00e1lsins sem n\u00fa liggur fyrir. \u00deau hafa einungis skyldur vi\u00f0 \u00fej\u00f3\u00f0 og \u00feing um a\u00f0 vinna vel og samviskusamlega a\u00f0 \u00fev\u00ed verkefni sem \u00feeim er fali\u00f0.<\/p>\n<p>Allt fr\u00e1 stofnun l\u00fd\u00f0veldisins hefur \u00fea\u00f0 veri\u00f0 \u00e6tlun Al\u00feingis a\u00f0 endursko\u00f0a stj\u00f3rnarskr\u00e1na \u00ed heild. Alkunna er hvernig til hefur tekist. Ver\u00f0i \u00fea\u00f0 t\u00e6kif\u00e6ri sem n\u00fa b\u00fd\u00f0st ekki n\u00fdtt \u00f3ttast \u00e9g a\u00f0 \u00feess ver\u00f0i langt a\u00f0 b\u00ed\u00f0a a\u00f0 til ver\u00f0i vanda\u00f0ur, au\u00f0skilinn og sanngjarn s\u00e1ttm\u00e1li um l\u00fd\u00f0r\u00e6\u00f0iskipulag okkar; s\u00e1ttm\u00e1li \u00ed b\u00faningi stj\u00f3rnarskr\u00e1r sem ver\u00f0i \u00fej\u00f3\u00f0inni hjartf\u00f3lgin. Markmi\u00f0i\u00f0 m\u00e1 ekkert vera minna. \u00dev\u00ed ver\u00f0ur \u00ed starfi Stj\u00f3rnlagar\u00e1\u00f0s a\u00f0 tryggja a\u00f0 \u00fej\u00f3\u00f0in f\u00e1i sem v\u00ed\u00f0t\u00e6kasta a\u00f0komu a\u00f0 m\u00e1linu. \u00dea\u00f0 er h\u00fan sem er hinn raunverulegi stj\u00f3rnarskr\u00e1rgjafi.<\/p>\n<p>\u00cd lj\u00f3si alls \u00feessa hef \u00e9g teki\u00f0 bo\u00f0i Al\u00feingis um skipun \u00ed Stj\u00f3rnlagar\u00e1\u00f0.<\/p>\n<p style=\"text-align: right;\">27. mars 2011, \u00deorkell Helgason<\/p>\n","protected":false},"excerpt":{"rendered":"<p>Al\u00feingi hefur sam\u00feykkt \u00feings\u00e1lyktun um skipun Stj\u00f3rnlagar\u00e1\u00f0s. Drj\u00fagur meirihluti \u00feeirra \u00feingmanna sem afst\u00f6\u00f0u t\u00f3ku studdu \u00e1lyktunina. \u00deeim 25 sem hloti\u00f0 h\u00f6f\u00f0u kj\u00f6rbr\u00e9f til setu \u00e1 Stj\u00f3rnlaga\u00feingi hefur veri\u00f0 bo\u00f0in seta \u00ed r\u00e1\u00f0inu. \u00c9g er einn \u00feeirra. \u00cd kosningunni til Stj\u00f3rnlaga\u00feings hlaut \u00e9g tilnefningu n\u00e6r 13 \u00fe\u00fasunda kj\u00f3senda sem safna\u00f0ist upp \u00ed 3196 atkv\u00e6\u00f0i. \u00der\u00e1tt fyrir [&hellip;]<\/p>\n","protected":false},"author":1,"featured_media":0,"comment_status":"open","ping_status":"open","sticky":false,"template":"","format":"standard","meta":{"_et_pb_use_builder":"","_et_pb_old_content":"","_et_gb_content_width":"","footnotes":""},"categories":[1],"tags":[21],"class_list":["post-808","post","type-post","status-publish","format-standard","hentry","category-eigin-vefsida","tag-skipun-stjornlagarads"],"_links":{"self":[{"href":"https:\/\/thorkellhelgason.is\/index.php?rest_route=\/wp\/v2\/posts\/808","targetHints":{"allow":["GET"]}}],"collection":[{"href":"https:\/\/thorkellhelgason.is\/index.php?rest_route=\/wp\/v2\/posts"}],"about":[{"href":"https:\/\/thorkellhelgason.is\/index.php?rest_route=\/wp\/v2\/types\/post"}],"author":[{"embeddable":true,"href":"https:\/\/thorkellhelgason.is\/index.php?rest_route=\/wp\/v2\/users\/1"}],"replies":[{"embeddable":true,"href":"https:\/\/thorkellhelgason.is\/index.php?rest_route=%2Fwp%2Fv2%2Fcomments&post=808"}],"version-history":[{"count":18,"href":"https:\/\/thorkellhelgason.is\/index.php?rest_route=\/wp\/v2\/posts\/808\/revisions"}],"predecessor-version":[{"id":903,"href":"https:\/\/thorkellhelgason.is\/index.php?rest_route=\/wp\/v2\/posts\/808\/revisions\/903"}],"wp:attachment":[{"href":"https:\/\/thorkellhelgason.is\/index.php?rest_route=%2Fwp%2Fv2%2Fmedia&parent=808"}],"wp:term":[{"taxonomy":"category","embeddable":true,"href":"https:\/\/thorkellhelgason.is\/index.php?rest_route=%2Fwp%2Fv2%2Fcategories&post=808"},{"taxonomy":"post_tag","embeddable":true,"href":"https:\/\/thorkellhelgason.is\/index.php?rest_route=%2Fwp%2Fv2%2Ftags&post=808"}],"curies":[{"name":"wp","href":"https:\/\/api.w.org\/{rel}","templated":true}]}}